{"id":16936,"date":"2025-05-25T02:40:12","date_gmt":"2025-05-25T02:40:12","guid":{"rendered":"https:\/\/alertasaltillo.com\/?p=16936"},"modified":"2025-05-25T02:40:14","modified_gmt":"2025-05-25T02:40:14","slug":"fortalecen-estrategia-de-seguridad-en-coahuila-coordinacion-total-entre-federacion-y-estado","status":"publish","type":"post","link":"https:\/\/alertasaltillo.com\/index.php\/2025\/05\/25\/fortalecen-estrategia-de-seguridad-en-coahuila-coordinacion-total-entre-federacion-y-estado\/","title":{"rendered":"FORTALECEN ESTRATEGIA DE SEGURIDAD EN COAHUILA: COORDINACI\u00d3N TOTAL ENTRE FEDERACI\u00d3N Y ESTADO"},"content":{"rendered":"\n<p>Ciudad de M\u00e9xico.\u2013 En un encuentro de alto nivel encabezado por el gobernador Manolo Jim\u00e9nez Salinas, el secretario de Seguridad y Protecci\u00f3n Ciudadana del Gobierno de M\u00e9xico, Omar Garc\u00eda Harfuch, y el fiscal general del Estado de Coahuila, Federico Fern\u00e1ndez Monta\u00f1ez, se revisaron y coordinaron acciones estrat\u00e9gicas para fortalecer la seguridad en todo el territorio coahuilense.<\/p>\n\n\n\n<p>Durante la reuni\u00f3n, el gobernador destac\u00f3 que la clave del modelo Coahuila ha sido la coordinaci\u00f3n y voluntad total, y reiter\u00f3 que este modelo se sostiene en pilares fundamentales como la prevenci\u00f3n, proximidad, inteligencia y fuerza. \u201cUn gusto saludar a nuestro amigo, el secretario Omar Garc\u00eda Harfuch, con quien trabajamos en total coordinaci\u00f3n por la seguridad de Coahuila; en esta reuni\u00f3n afinamos los operativos y las estrategias que estaremos llevando a cabo en el segundo semestre del a\u00f1o para fortalecer el blindaje de nuestro estado\u201d, se\u00f1al\u00f3 Jim\u00e9nez Salinas.<\/p>\n\n\n\n<p>Durante esta reuni\u00f3n, el secretario de Seguridad y Protecci\u00f3n Ciudadana destac\u00f3 la importancia de trabajar en sinton\u00eda con el Estado para atender los delitos del fuero federal y solicit\u00f3 apoyo e informaci\u00f3n permanente sobre cada uno de los casos.<\/p>\n\n\n\n<p>Jim\u00e9nez Salinas asegur\u00f3 que todos los d\u00edas se trabaja en Coahuila para seguir siendo ejemplo nacional en materia de seguridad, gracias a la disciplina institucional, el profesionalismo de las corporaciones y la voluntad de trabajar en equipo. \u00abAqu\u00ed no improvisamos, aqu\u00ed planeamos. Y lo hacemos con seriedad, con datos, con estrategia y en total coordinaci\u00f3n con el Gobierno de M\u00e9xico y las Fuerzas Armadas\u00bb, concluy\u00f3.<\/p>\n\n\n\n<p><\/p>\n","protected":false},"excerpt":{"rendered":"<p>Ciudad de M\u00e9xico.\u2013 En un encuentro de alto nivel encabezado por el gobernador Manolo Jim\u00e9nez Salinas, el secretario de Seguridad y Protecci\u00f3n Ciudadana del Gobierno de M\u00e9xico, Omar Garc\u00eda Harfuch, y el fiscal general del Estado de Coahuila, Federico Fern\u00e1ndez Monta\u00f1ez, se revisaron y coordinaron acciones estrat\u00e9gicas para fortalecer la seguridad en todo el territorio [&hellip;]<\/p>\n","protected":false},"author":4,"featured_media":16937,"comment_status":"open","ping_status":"open","sticky":false,"template":"","format":"standard","meta":[],"categories":[4],"tags":[],"_links":{"self":[{"href":"https:\/\/alertasaltillo.com\/index.php\/wp-json\/wp\/v2\/posts\/16936"}],"collection":[{"href":"https:\/\/alertasaltillo.com\/index.php\/wp-json\/wp\/v2\/posts"}],"about":[{"href":"https:\/\/alertasaltillo.com\/index.php\/wp-json\/wp\/v2\/types\/post"}],"author":[{"embeddable":true,"href":"https:\/\/alertasaltillo.com\/index.php\/wp-json\/wp\/v2\/users\/4"}],"replies":[{"embeddable":true,"href":"https:\/\/alertasaltillo.com\/index.php\/wp-json\/wp\/v2\/comments?post=16936"}],"version-history":[{"count":1,"href":"https:\/\/alertasaltillo.com\/index.php\/wp-json\/wp\/v2\/posts\/16936\/revisions"}],"predecessor-version":[{"id":16938,"href":"https:\/\/alertasaltillo.com\/index.php\/wp-json\/wp\/v2\/posts\/16936\/revisions\/16938"}],"wp:featuredmedia":[{"embeddable":true,"href":"https:\/\/alertasaltillo.com\/index.php\/wp-json\/wp\/v2\/media\/16937"}],"wp:attachment":[{"href":"https:\/\/alertasaltillo.com\/index.php\/wp-json\/wp\/v2\/media?parent=16936"}],"wp:term":[{"taxonomy":"category","embeddable":true,"href":"https:\/\/alertasaltillo.com\/index.php\/wp-json\/wp\/v2\/categories?post=16936"},{"taxonomy":"post_tag","embeddable":true,"href":"https:\/\/alertasaltillo.com\/index.php\/wp-json\/wp\/v2\/tags?post=16936"}],"curies":[{"name":"wp","href":"https:\/\/api.w.org\/{rel}","templated":true}]}}