{"id":16882,"date":"2025-05-22T23:15:47","date_gmt":"2025-05-22T23:15:47","guid":{"rendered":"https:\/\/alertasaltillo.com\/?p=16882"},"modified":"2025-05-22T23:15:50","modified_gmt":"2025-05-22T23:15:50","slug":"en-equipo-vamos-a-construir-el-tren-que-pasara-por-coahuila-manolo","status":"publish","type":"post","link":"https:\/\/alertasaltillo.com\/index.php\/2025\/05\/22\/en-equipo-vamos-a-construir-el-tren-que-pasara-por-coahuila-manolo\/","title":{"rendered":"EN EQUIPO VAMOS A CONSTRUIR EL TREN QUE PASAR\u00c1 POR COAHUILA: MANOLO"},"content":{"rendered":"\n<p><\/p>\n\n\n\n<p>\u00b7&nbsp;<strong><em>Federaci\u00f3n, estado y municipios se coordinar\u00e1n para la construcci\u00f3n de esta y otras obras emblem\u00e1ticas en la regi\u00f3n Sureste.<\/em><\/strong><\/p>\n\n\n\n<p>\u00b7<\/p>\n\n\n\n<p>Saltillo, Coahuila de Zaragoza; a 21 de mayo de 2025.- Con el objetivo de detonar a\u00fan m\u00e1s el desarrollo econ\u00f3mico y la conectividad del noreste de M\u00e9xico, se llev\u00f3 a cabo la firma del convenio de colaboraci\u00f3n entre el Gobierno de M\u00e9xico, el Gobierno del Estado de Coahuila y los municipios de Saltillo y Ramos Arizpe, para el arranque formal de los trabajos del tren de pasajeros Saltillo\u2013Monterrey, uno de los proyectos prioritarios de infraestructura ferroviaria del pa\u00eds.<\/p>\n\n\n\n<p>Durante la reuni\u00f3n, encabezada por representantes del Gobierno Federal y por el gobernador Manolo Jim\u00e9nez Salinas, se confirm\u00f3 que esta obra ser\u00e1 estrat\u00e9gica para el nearshoring, la movilidad industrial y el fortalecimiento log\u00edstico de Coahuila, y dar\u00e1 inicio con las primeras gestiones de trazo, licitaci\u00f3n y planeaci\u00f3n durante el segundo semestre de 2025.<\/p>\n\n\n\n<p>\u00abEn conjunto con la Presidenta Claudia Sheinbaum y los alcaldes de Ramos y Saltillo, estamos llevando a cabo grandes proyectos, programas y obras en todas las regiones del estado; en este caso dimos un paso muy importante al firmar este convenio de coordinaci\u00f3n y colaboraci\u00f3n para constituir el tren que pasar\u00e1 por Coahuila. Este es un gran inicio, y en equipo siempre se lograr\u00e1n los mejores proyectos\u00bb, expres\u00f3 el gobernador Manolo Jim\u00e9nez.<\/p>\n\n\n\n<p>El alcalde de Saltillo, Javier D\u00edaz, agradeci\u00f3 al Gobernador por el trabajo en equipo y las grandes obras que se est\u00e1n construyendo. Destac\u00f3 que el tren de pasajeros se suma al bulevar Nazario, la carretera a Derramadero, el nuevo Hospital del IMSS y que, con esta obra, Saltillo se fortalece como capital industrial y log\u00edstica del norte del pa\u00eds.<\/p>\n\n\n\n<p>Por su parte, el alcalde de Ramos Arizpe, Tom\u00e1s Guti\u00e9rrez, subray\u00f3 que con este proyecto se beneficiar\u00e1 a su municipio y se llevar\u00e1 a cabo, por fin, junto con el Gobernador y la Presidenta, el distribuidor vial Los Pinos.<\/p>\n\n\n\n<p>Durante la firma del convenio se inform\u00f3 que en esta primera etapa se ha definido el tramo preliminar que conectar\u00e1 la zona industrial de Derramadero, Saltillo, Ramos Arizpe y Monterrey, y posteriormente en su \u00faltimo tramo con Nuevo Laredo.<\/p>\n\n\n\n<p>\u00abEstamos trabajando totalmente en coordinaci\u00f3n con la Federaci\u00f3n para que este proyecto tambi\u00e9n ayude y genere contrataciones a empresas constructoras locales; y esto se traduzca en derrama y crecimiento econ\u00f3mico para nuestra gente. En Coahuila estamos construyendo grandes obras emblem\u00e1ticas y \u00e9stas, sin duda, ser\u00e1 una de ellas\u00bb, concluy\u00f3 Manolo Jim\u00e9nez.<\/p>\n\n\n\n<p>Participaron en la reuni\u00f3n Valeriano Vald\u00e9s Cabello, Consejero Jur\u00eddico del Gobierno de Coahuila; Tom\u00e1s Guti\u00e9rrez Merino, alcalde de Ramos Arizpe; Mar\u00eda B\u00e1rbara Cepeda Boehringer, Secretaria de Vinculaci\u00f3n Ciudadana, Proyectos de Innovaci\u00f3n Social e Inversi\u00f3n P\u00fablica Productiva; Javier D\u00edaz Gonz\u00e1lez, alcalde de Saltillo; N\u00e9stor N\u00fa\u00f1ez L\u00f3pez, director de Vinculaci\u00f3n de la Secretar\u00eda de Infraestructura, Comunicaciones y Transportes; Tanech S\u00e1nchez \u00c1ngeles, Director del Centro de Infraestructura, Comunicaciones y Transportes Coahuila y Miguel \u00c1ngel Algara Acosta, Secretario de Infraestructura y Desarrollo Urbano y Movilidad.<\/p>\n","protected":false},"excerpt":{"rendered":"<p>\u00b7&nbsp;Federaci\u00f3n, estado y municipios se coordinar\u00e1n para la construcci\u00f3n de esta y otras obras emblem\u00e1ticas en la regi\u00f3n Sureste. \u00b7 Saltillo, Coahuila de Zaragoza; a 21 de mayo de 2025.- Con el objetivo de detonar a\u00fan m\u00e1s el desarrollo econ\u00f3mico y la conectividad del noreste de M\u00e9xico, se llev\u00f3 a cabo la firma del convenio [&hellip;]<\/p>\n","protected":false},"author":4,"featured_media":16883,"comment_status":"open","ping_status":"open","sticky":false,"template":"","format":"standard","meta":[],"categories":[4],"tags":[],"_links":{"self":[{"href":"https:\/\/alertasaltillo.com\/index.php\/wp-json\/wp\/v2\/posts\/16882"}],"collection":[{"href":"https:\/\/alertasaltillo.com\/index.php\/wp-json\/wp\/v2\/posts"}],"about":[{"href":"https:\/\/alertasaltillo.com\/index.php\/wp-json\/wp\/v2\/types\/post"}],"author":[{"embeddable":true,"href":"https:\/\/alertasaltillo.com\/index.php\/wp-json\/wp\/v2\/users\/4"}],"replies":[{"embeddable":true,"href":"https:\/\/alertasaltillo.com\/index.php\/wp-json\/wp\/v2\/comments?post=16882"}],"version-history":[{"count":1,"href":"https:\/\/alertasaltillo.com\/index.php\/wp-json\/wp\/v2\/posts\/16882\/revisions"}],"predecessor-version":[{"id":16884,"href":"https:\/\/alertasaltillo.com\/index.php\/wp-json\/wp\/v2\/posts\/16882\/revisions\/16884"}],"wp:featuredmedia":[{"embeddable":true,"href":"https:\/\/alertasaltillo.com\/index.php\/wp-json\/wp\/v2\/media\/16883"}],"wp:attachment":[{"href":"https:\/\/alertasaltillo.com\/index.php\/wp-json\/wp\/v2\/media?parent=16882"}],"wp:term":[{"taxonomy":"category","embeddable":true,"href":"https:\/\/alertasaltillo.com\/index.php\/wp-json\/wp\/v2\/categories?post=16882"},{"taxonomy":"post_tag","embeddable":true,"href":"https:\/\/alertasaltillo.com\/index.php\/wp-json\/wp\/v2\/tags?post=16882"}],"curies":[{"name":"wp","href":"https:\/\/api.w.org\/{rel}","templated":true}]}}