{"id":16771,"date":"2025-05-19T23:27:04","date_gmt":"2025-05-19T23:27:04","guid":{"rendered":"https:\/\/alertasaltillo.com\/?p=16771"},"modified":"2025-05-19T23:27:06","modified_gmt":"2025-05-19T23:27:06","slug":"basta-de-ataques-claman-a-israel-reportan-al-menos-80-muertos","status":"publish","type":"post","link":"https:\/\/alertasaltillo.com\/index.php\/2025\/05\/19\/basta-de-ataques-claman-a-israel-reportan-al-menos-80-muertos\/","title":{"rendered":"\u00a1BASTA DE ATAQUES!, CLAMAN A ISRAEL; REPORTAN AL MENOS 80 MUERTOS"},"content":{"rendered":"\n<p><\/p>\n\n\n\n<h2>La comunidad internacional exige a Netanyahu y al ej\u00e9rcito israel\u00ed que cesen el fuego contra los palestinos tras los extensos bombardeos de esta semana y la creciente tragedia humanitaria<\/h2>\n\n\n\n<p><\/p>\n\n\n\n<p>El ej\u00e9rcito israel\u00ed anunci\u00f3 un nuevo operativo con \u201cextensos bombardeos\u201d para derrotar al movimiento islamista palestino Ham\u00e1s en la&nbsp;<strong>Franja de Gaza<\/strong>, donde los rescatistas reportaron al menos 80 muertos ayer.<\/p>\n\n\n\n<p>A pesar de la cascada de cr\u00edticas internacionales, el primer ministro israel\u00ed,\u00a0<strong>Benjamin Netanyahu<\/strong>, advirti\u00f3 esta semana que su ej\u00e9rcito entrar\u00eda \u201ccon toda su fuerza\u201d en Gaza para \u201cdestruir a Ham\u00e1s\u201d.<\/p>\n\n\n\n<p>Ayer, el ej\u00e9rcito anunci\u00f3 haber lanzado \u201cextensos bombardeos\u201d con el objetivo de \u201ctomar el control de zonas de la Franja de Gaza\u201d. Todo ello en el marco del plan destinado a \u201cconquistar\u201d el territorio palestino.<\/p>\n\n\n\n<p>Al menos 34 de las v\u00edctimas fallecieron en localizaciones situadas en el norte de la Franja, incluida la ciudad de Gaza, seg\u00fan la agencia palestina de noticias Wafa.<\/p>\n\n\n\n<p>El secretario general de la ONU, Antonio Guterres, abog\u00f3 por la necesidad de \u201cun alto al fuego permanente, ahora\u201d.<\/p>\n\n\n\n<p>El presidente del Consejo Europeo, Antonio Costa, se sum\u00f3 a los llamamientos internacionales y se declar\u00f3 \u201cconmocionado\u201d ante la situaci\u00f3n en la Franja de Gaza.<\/p>\n\n\n\n<p>Los intensos bombardeos israel\u00edes causaron cientos de muertos en Gaza en los \u00faltimos d\u00edas: al menos 100 v\u00edctimas el viernes, unas 120 el jueves y otras 80 el mi\u00e9rcoles, seg\u00fan la Defensa Civil de Gaza.<\/p>\n\n\n\n<p>Con Informaci\u00f3n tomada de EXC\u00c9LSIOR<\/p>\n","protected":false},"excerpt":{"rendered":"<p>La comunidad internacional exige a Netanyahu y al ej\u00e9rcito israel\u00ed que cesen el fuego contra los palestinos tras los extensos bombardeos de esta semana y la creciente tragedia humanitaria El ej\u00e9rcito israel\u00ed anunci\u00f3 un nuevo operativo con \u201cextensos bombardeos\u201d para derrotar al movimiento islamista palestino Ham\u00e1s en la&nbsp;Franja de Gaza, donde los rescatistas reportaron al [&hellip;]<\/p>\n","protected":false},"author":4,"featured_media":16772,"comment_status":"open","ping_status":"open","sticky":false,"template":"","format":"standard","meta":[],"categories":[186],"tags":[],"_links":{"self":[{"href":"https:\/\/alertasaltillo.com\/index.php\/wp-json\/wp\/v2\/posts\/16771"}],"collection":[{"href":"https:\/\/alertasaltillo.com\/index.php\/wp-json\/wp\/v2\/posts"}],"about":[{"href":"https:\/\/alertasaltillo.com\/index.php\/wp-json\/wp\/v2\/types\/post"}],"author":[{"embeddable":true,"href":"https:\/\/alertasaltillo.com\/index.php\/wp-json\/wp\/v2\/users\/4"}],"replies":[{"embeddable":true,"href":"https:\/\/alertasaltillo.com\/index.php\/wp-json\/wp\/v2\/comments?post=16771"}],"version-history":[{"count":1,"href":"https:\/\/alertasaltillo.com\/index.php\/wp-json\/wp\/v2\/posts\/16771\/revisions"}],"predecessor-version":[{"id":16773,"href":"https:\/\/alertasaltillo.com\/index.php\/wp-json\/wp\/v2\/posts\/16771\/revisions\/16773"}],"wp:featuredmedia":[{"embeddable":true,"href":"https:\/\/alertasaltillo.com\/index.php\/wp-json\/wp\/v2\/media\/16772"}],"wp:attachment":[{"href":"https:\/\/alertasaltillo.com\/index.php\/wp-json\/wp\/v2\/media?parent=16771"}],"wp:term":[{"taxonomy":"category","embeddable":true,"href":"https:\/\/alertasaltillo.com\/index.php\/wp-json\/wp\/v2\/categories?post=16771"},{"taxonomy":"post_tag","embeddable":true,"href":"https:\/\/alertasaltillo.com\/index.php\/wp-json\/wp\/v2\/tags?post=16771"}],"curies":[{"name":"wp","href":"https:\/\/api.w.org\/{rel}","templated":true}]}}