{"id":16761,"date":"2025-05-18T14:33:43","date_gmt":"2025-05-18T14:33:43","guid":{"rendered":"https:\/\/alertasaltillo.com\/?p=16761"},"modified":"2025-05-18T14:33:46","modified_gmt":"2025-05-18T14:33:46","slug":"reitera-el-estado-su-voluntad-y-compromiso-con-familiares-de-personas-desaparecidas","status":"publish","type":"post","link":"https:\/\/alertasaltillo.com\/index.php\/2025\/05\/18\/reitera-el-estado-su-voluntad-y-compromiso-con-familiares-de-personas-desaparecidas\/","title":{"rendered":"REITERA EL ESTADO SU VOLUNTAD Y COMPROMISO CON FAMILIARES DE PERSONAS DESAPARECIDAS"},"content":{"rendered":"\n<p>Saltillo, Coahuila de Zaragoza; a 17 de mayo de 2025.- En el marco de la sesi\u00f3n plenaria con colectivos de familiares de personas desparecidas, el gobernador Manolo Jim\u00e9nez Salinas reiter\u00f3 su voluntad y su compromiso de trabajo coordinado para sacar adelante los acuerdos que, de manera conjunta, se toma desde estas mesas de trabajo.<\/p>\n\n\n\n<p>\u00abEn Palacio de Gobierno recibimos a representantes de los colectivos de familias de personas desaparecidas para revisar juntos los avances y reforzar los acuerdos establecidos en sesiones pasadas. A cada familia le reiteramos nuestro compromiso: no est\u00e1n solas. Seguiremos trabajando con empat\u00eda, respeto y en defensa de sus derechos humanos\u00bb, se\u00f1al\u00f3 el gobernador.<\/p>\n\n\n\n<p>En esta reuni\u00f3n estuvieron presentes representantes de los colectivos Alas de Esperanza; B\u00fascame, Buscando Desaparecidos M\u00e9xico; Caravana Internacional de B\u00fasqueda de Desaparecidos A.C.; Familias Unidas en la B\u00fasqueda y Localizaci\u00f3n de Personas Desaparecidas; Fuerzas Unidas por Nuestros Desaparecidos en Coahuila y en M\u00e9xico; Rastreador@s Nacionales de Personas Desaparecidas (RANADES); Voz que Clama Justicia por Personas Desaparecidas; V\u00edctimas por sus Derechos en Acci\u00f3n (Grupo VI.D.A.); adem\u00e1s del Centro para los Derechos Humanos Fray Juan de Larios.<\/p>\n\n\n\n<p>\u201cCuenten con nosotros, no tengan la menor duda que estamos haciendo un esfuerzo importante\u201d, expres\u00f3 el Mandatario estatal.<\/p>\n\n\n\n<p>Manolo Jim\u00e9nez destac\u00f3 que este modelo que se ha construido entre todas y todos por mucho tiempo, es un modelo ejemplar a nivel nacional, mismo que se ha venido fortaleciendo todos los d\u00edas.&nbsp;<\/p>\n\n\n\n<p>Coment\u00f3 que muchos de los temas que las familias exponen en estas reuniones, se les puede dar soluci\u00f3n en el corto plazo gracias a que en estas sesiones se cuenta con la participaci\u00f3n de las y los titulares de diversas dependencias de su administraci\u00f3n.<\/p>\n\n\n\n<p>Jim\u00e9nez Salinas aplaudi\u00f3 que en este modelo de trabajo se privilegie el di\u00e1logo respetuoso y la concertaci\u00f3n entre todos los colectivos, el gobierno del estado, la fiscal\u00eda y el Grupo Aut\u00f3nomo de Trabajo.<\/p>\n\n\n\n<p>En la sesi\u00f3n de este d\u00eda se trataron temas como el nuevo esquema de di\u00e1logo y negociaci\u00f3n; b\u00fasqueda; identificaci\u00f3n humana; investigaci\u00f3n y procuraci\u00f3n de justicia; seguridad y derechos humanos; atenci\u00f3n integral; entre otros.<\/p>\n\n\n\n<p>En esta sesi\u00f3n plenaria estuvieron presentes, adem\u00e1s, Luz Elena Morales N\u00fa\u00f1ez, diputada presidenta de la Junta de Gobierno del Congreso estatal; \u00d3scar Pimentel Gonz\u00e1lez, secretario de Gobierno; Federico Fern\u00e1ndez Monta\u00f1ez, fiscal general del Estado; Luis Efr\u00e9n R\u00edos Vega, magistrado presidente de la Comisi\u00f3n de Derechos Humanos del Poder Judicial del Estado; Hugo Guti\u00e9rrez Ram\u00edrez, secretario de Seguridad P\u00fablica; Jos\u00e9 \u00c1ngel Rodr\u00edguez Canales, presidente la Comisi\u00f3n de Derechos Humanos del Estado de Coahuila.<\/p>\n\n\n\n<p>As\u00ed como titulares de las diferentes dependencias de la administraci\u00f3n estatal.<\/p>\n\n\n\n<p><\/p>\n","protected":false},"excerpt":{"rendered":"<p>Saltillo, Coahuila de Zaragoza; a 17 de mayo de 2025.- En el marco de la sesi\u00f3n plenaria con colectivos de familiares de personas desparecidas, el gobernador Manolo Jim\u00e9nez Salinas reiter\u00f3 su voluntad y su compromiso de trabajo coordinado para sacar adelante los acuerdos que, de manera conjunta, se toma desde estas mesas de trabajo. \u00abEn [&hellip;]<\/p>\n","protected":false},"author":4,"featured_media":16762,"comment_status":"open","ping_status":"open","sticky":false,"template":"","format":"standard","meta":[],"categories":[4],"tags":[],"_links":{"self":[{"href":"https:\/\/alertasaltillo.com\/index.php\/wp-json\/wp\/v2\/posts\/16761"}],"collection":[{"href":"https:\/\/alertasaltillo.com\/index.php\/wp-json\/wp\/v2\/posts"}],"about":[{"href":"https:\/\/alertasaltillo.com\/index.php\/wp-json\/wp\/v2\/types\/post"}],"author":[{"embeddable":true,"href":"https:\/\/alertasaltillo.com\/index.php\/wp-json\/wp\/v2\/users\/4"}],"replies":[{"embeddable":true,"href":"https:\/\/alertasaltillo.com\/index.php\/wp-json\/wp\/v2\/comments?post=16761"}],"version-history":[{"count":1,"href":"https:\/\/alertasaltillo.com\/index.php\/wp-json\/wp\/v2\/posts\/16761\/revisions"}],"predecessor-version":[{"id":16763,"href":"https:\/\/alertasaltillo.com\/index.php\/wp-json\/wp\/v2\/posts\/16761\/revisions\/16763"}],"wp:featuredmedia":[{"embeddable":true,"href":"https:\/\/alertasaltillo.com\/index.php\/wp-json\/wp\/v2\/media\/16762"}],"wp:attachment":[{"href":"https:\/\/alertasaltillo.com\/index.php\/wp-json\/wp\/v2\/media?parent=16761"}],"wp:term":[{"taxonomy":"category","embeddable":true,"href":"https:\/\/alertasaltillo.com\/index.php\/wp-json\/wp\/v2\/categories?post=16761"},{"taxonomy":"post_tag","embeddable":true,"href":"https:\/\/alertasaltillo.com\/index.php\/wp-json\/wp\/v2\/tags?post=16761"}],"curies":[{"name":"wp","href":"https:\/\/api.w.org\/{rel}","templated":true}]}}