{"id":16742,"date":"2025-05-17T18:15:08","date_gmt":"2025-05-17T18:15:08","guid":{"rendered":"https:\/\/alertasaltillo.com\/?p=16742"},"modified":"2025-05-17T18:15:11","modified_gmt":"2025-05-17T18:15:11","slug":"junto-con-la-presidenta-vamos-a-reactivar-ahmsa-y-la-economia-de-las-regiones-centro-y-carbonifera-manolo","status":"publish","type":"post","link":"https:\/\/alertasaltillo.com\/index.php\/2025\/05\/17\/junto-con-la-presidenta-vamos-a-reactivar-ahmsa-y-la-economia-de-las-regiones-centro-y-carbonifera-manolo\/","title":{"rendered":"JUNTO CON LA PRESIDENTA VAMOS A REACTIVAR AHMSA Y LA ECONOM\u00cdA DE LAS REGIONES CENTRO Y CARBON\u00cdFERA: MANOLO"},"content":{"rendered":"\n<p>&#8211; En trabajo coordinado atienden a familias de mineros de Pasta de Conchos y Pinabete<\/p>\n\n\n\n<p>San Juan de Sabinas; Coahuila de Zaragoza; a 16 de mayo de 2025.- Al recibir a la presidenta Claudia Sheinbaum Pardo en la regi\u00f3n Carbon\u00edfera, el gobernador Manolo Jim\u00e9nez Salinas se\u00f1al\u00f3 que trabajar\u00e1 en conjunto con la mandataria para la resoluci\u00f3n del tema de AHMSA y en la implementaci\u00f3n de un gran programa para la reactivaci\u00f3n de la econom\u00eda de las regiones Centro y Carbon\u00edfera.<\/p>\n\n\n\n<p>\u00a1Bienvenida a Coahuila, estimada presidenta Claudia Sheinbaum. Iniciamos la gira de trabajo en la regi\u00f3n Carbon\u00edfera atendiendo a las familias de Pasta de Conchos y El Pinabete. Vamos a seguir trabajando en equipo por esta causa humanitaria que nos une a todos.<\/p>\n\n\n\n<p>Por otro lado, acordamos impulsar un gran programa de reactivaci\u00f3n econ\u00f3mica para traer m\u00e1s y mejores empleos a las regiones Carbon\u00edfera y Centro\u201d, destac\u00f3 el gobernador.<\/p>\n\n\n\n<p>\u00abLe agradezco a nombre del pueblo de Coahuila todo su apoyo para las distintas regiones del estado. Con usted hemos venido trabajando como un gran equipo, y aqu\u00ed encontrar\u00e1 siempre coordinaci\u00f3n total para los temas que nos unen como sociedad\u00bb, agreg\u00f3 Jim\u00e9nez Salinas.<\/p>\n\n\n\n<p>Manolo en compa\u00f1\u00eda de la presidenta, encabezaron un encuentro con familiares de los mineros de Pasta de Conchos, para revisar los avances del rescate humanitario y atender temas clave para el desarrollo regional.<\/p>\n\n\n\n<p>Por su parte, la presidenta Claudia Sheinbaum reafirm\u00f3 su compromiso de no cesar la b\u00fasqueda hasta encontrar a los 63 mineros. \u201cMientras yo sea presidenta, vamos a estar aqu\u00ed cada seis meses para dar seguimiento personal. No nos vamos a ir hasta localizars\u201d, subray\u00f3, reconociendo el trabajo de la Comisi\u00f3n Federal de Electricidad, la Secretar\u00eda del Trabajo y Protecci\u00f3n Civil.<\/p>\n\n\n\n<p>La Presidenta de M\u00e9xico destac\u00f3 el trabajo conjunto con el Gobierno de Coahuila para avanzar en la soluci\u00f3n del caso Altos Hornos de M\u00e9xico (AHMSA) y la reactivaci\u00f3n econ\u00f3mica de la regi\u00f3n.<\/p>\n\n\n\n<p>\u00abEstamos en la \u00faltima etapa legal del proceso, y esperamos muy pronto dar buenas noticias a los trabajadores. Junto con el gobernador, vamos a detonar un nuevo programa de empleo e infraestructura para esta zona\u00bb, asegura.<\/p>\n\n\n\n<p>\u201cHemos estado trabajando con el gobernador tambi\u00e9n en la instalaci\u00f3n de otras actividades que no tengan que ver solamente con la miner\u00eda, sino con otras actividades industriales, fabricantes, de servicios que puedan instalarse en esta zona para generar bienestar\u201d, agreg\u00f3, as\u00ed como pavimentar la regi\u00f3n.<\/p>\n\n\n\n<p>El gobernador plante\u00f3 la urgencia de impulsar oportunidades laborales en la Carbon\u00edfera, ante el impacto que dej\u00f3 el cierre del sector minero. \u201cLa herramienta m\u00e1s poderosa para que nuestra gente salga adelante es el empleo, y para eso le pedimos su apoyo presidenta\u201d, dijo.<\/p>\n\n\n\n<p>Con esta visita, se refrenda el compromiso de ambos gobiernos por la justicia, el bienestar y el desarrollo econ\u00f3mico de Coahuila, trabajando en unidad por las familias de la regi\u00f3n y el futuro del estado.<\/p>\n\n\n\n<p><\/p>\n","protected":false},"excerpt":{"rendered":"<p>&#8211; En trabajo coordinado atienden a familias de mineros de Pasta de Conchos y Pinabete San Juan de Sabinas; Coahuila de Zaragoza; a 16 de mayo de 2025.- Al recibir a la presidenta Claudia Sheinbaum Pardo en la regi\u00f3n Carbon\u00edfera, el gobernador Manolo Jim\u00e9nez Salinas se\u00f1al\u00f3 que trabajar\u00e1 en conjunto con la mandataria para la [&hellip;]<\/p>\n","protected":false},"author":4,"featured_media":16743,"comment_status":"open","ping_status":"open","sticky":false,"template":"","format":"standard","meta":[],"categories":[4],"tags":[],"_links":{"self":[{"href":"https:\/\/alertasaltillo.com\/index.php\/wp-json\/wp\/v2\/posts\/16742"}],"collection":[{"href":"https:\/\/alertasaltillo.com\/index.php\/wp-json\/wp\/v2\/posts"}],"about":[{"href":"https:\/\/alertasaltillo.com\/index.php\/wp-json\/wp\/v2\/types\/post"}],"author":[{"embeddable":true,"href":"https:\/\/alertasaltillo.com\/index.php\/wp-json\/wp\/v2\/users\/4"}],"replies":[{"embeddable":true,"href":"https:\/\/alertasaltillo.com\/index.php\/wp-json\/wp\/v2\/comments?post=16742"}],"version-history":[{"count":1,"href":"https:\/\/alertasaltillo.com\/index.php\/wp-json\/wp\/v2\/posts\/16742\/revisions"}],"predecessor-version":[{"id":16744,"href":"https:\/\/alertasaltillo.com\/index.php\/wp-json\/wp\/v2\/posts\/16742\/revisions\/16744"}],"wp:featuredmedia":[{"embeddable":true,"href":"https:\/\/alertasaltillo.com\/index.php\/wp-json\/wp\/v2\/media\/16743"}],"wp:attachment":[{"href":"https:\/\/alertasaltillo.com\/index.php\/wp-json\/wp\/v2\/media?parent=16742"}],"wp:term":[{"taxonomy":"category","embeddable":true,"href":"https:\/\/alertasaltillo.com\/index.php\/wp-json\/wp\/v2\/categories?post=16742"},{"taxonomy":"post_tag","embeddable":true,"href":"https:\/\/alertasaltillo.com\/index.php\/wp-json\/wp\/v2\/tags?post=16742"}],"curies":[{"name":"wp","href":"https:\/\/api.w.org\/{rel}","templated":true}]}}