{"id":16724,"date":"2025-05-17T17:56:25","date_gmt":"2025-05-17T17:56:25","guid":{"rendered":"https:\/\/alertasaltillo.com\/?p=16724"},"modified":"2025-05-17T17:56:28","modified_gmt":"2025-05-17T17:56:28","slug":"fortalece-gobierno-del-estado-puntos-violeta-suma-mas-empresas","status":"publish","type":"post","link":"https:\/\/alertasaltillo.com\/index.php\/2025\/05\/17\/fortalece-gobierno-del-estado-puntos-violeta-suma-mas-empresas\/","title":{"rendered":"FORTALECE GOBIERNO DEL ESTADO PUNTOS VIOLETA; SUMA M\u00c1S EMPRESAS"},"content":{"rendered":"\n<p><\/p>\n\n\n\n<p>A trav\u00e9s de la Secretar\u00eda de Vinculaci\u00f3n se inaugur\u00f3 en Vitti Logistics un espacio seguro para las mujeres y se entregaron constancias a beneficiarias del programa \u201cEscuela de Montacargas\u201d<\/p>\n\n\n\n<p>Saltillo, Coahuila de Zaragoza, a 16 de mayo de 2025.- Con el objetivo de crear m\u00e1s espacios seguros para las mujeres en Coahuila, el gobierno del estado, a trav\u00e9s de la Secretar\u00eda de Vinculaci\u00f3n Ciudadana, Proyectos de Innovaci\u00f3n Social e Inversi\u00f3n P\u00fablica Productiva inaugur\u00f3 un Punto Violeta en la empresa Vitti Logistics, en Arteaga, donde tambi\u00e9n se entregaron certificados a las egresadas del programa \u201cEscuela de Montacargas para Mujeres\u201d<\/p>\n\n\n\n<p>La secretar\u00eda de Vinculaci\u00f3n Ciudadana, Proyectos de Innovaci\u00f3n Social e Inversi\u00f3n P\u00fablica Productiva, Mar\u00eda B\u00e1rbara Cepeda Boehringer, destac\u00f3 el respaldo del gobernador Manolo Jim\u00e9nez, quien ha instruido darle seguimiento a esta pol\u00edtica p\u00fablica para llevar puntos Violeta a los 38 municipios.<\/p>\n\n\n\n<p>\u201cEl Punto Violeta que hoy inauguramos, es m\u00e1s que una instalaci\u00f3n, es un s\u00edmbolo de protecci\u00f3n, es un espacio seguro y un mensaje claro de que aqu\u00ed en Coahuila las mujeres no est\u00e1n solas\u201d, coment\u00f3.<\/p>\n\n\n\n<p>Cepeda Boehringer destac\u00f3 la colaboraci\u00f3n de las secretar\u00edas de las Mujeres, del Trabajo y de Seguridad para llevar a cabo este proyecto ya la empresa Vitti Logistics por el compromiso, y ser ejemplo de responsabilidad social y de voluntad.<\/p>\n\n\n\n<p>\u201cHoy m\u00e1s que nunca reafirmamos que la seguridad y la justicia y el respeto hacia las mujeres no son solo promesas, son compromisos que estamos cumpliendo. Este es el Coahuila que queremos, el que estamos construyendo juntos y que como decimos con orgullo, vamos pa&#8217;delante, a pasos de gigante\u201d, agreg\u00f3.<\/p>\n\n\n\n<p>Por su parte, el director general de Vitti Logistics, Jos\u00e9 Antonio Manuel Luna Castillo, reiter\u00f3 el compromiso de la empresa para contribuir al desarrollo y protecci\u00f3n de las mujeres.<\/p>\n\n\n\n<p>\u201cSomos una empresa comprometida con nuestra comunidad y es a trav\u00e9s de estos proyectos que reiteramos ese compromiso y seguiremos sum\u00e1ndonos cuando haya un prop\u00f3sito en bien de la comunidad\u201d, se\u00f1al\u00f3.<\/p>\n\n\n\n<p>En Coahuila, hoy se tienen 102 puntos Violeta, de los cuales, 70 est\u00e1n en Saltillo, 20 en Torre\u00f3n y 10 en Ramos Arizpe; uno en la empresa BorgWarner Ramos Arizpe y este que reci\u00e9n se inaugur\u00f3 en Vitti Logistics, en Arteaga y que el lunes se suman 6 m\u00e1s en Cuatro Ci\u00e9negas.<\/p>\n\n\n\n<p>Grad\u00faan 10 mujeres como montacarguistas<\/p>\n\n\n\n<p>Luego de un convenio de colaboraci\u00f3n que se firm\u00f3 en enero de este a\u00f1o, la empresa Vitti Logistics arranc\u00f3 el programa \u201cEscuela de Montacargas para Mujeres\u201d y este viernes se entreg\u00f3 certificados a 10 egresadas de la primera y segunda generaci\u00f3n.<\/p>\n\n\n\n<p>\u201cEsta es una iniciativa que representa mucho m\u00e1s que capacitaci\u00f3n t\u00e9cnica, representa empoderamiento, igualdad de oportunidades y confianza en el talento de las mujeres coahuilenses\u201d, indic\u00f3.<\/p>\n\n\n\n<p>Agradeci\u00f3 el apoyo de la Secretar\u00eda del Trabajo y del ICATEC, para impulsar la capacitaci\u00f3n y el desarrollo profesional de las mujeres a trav\u00e9s de programas de este tipo, que en particular, este rompe estereotipos y abre caminos hacia nuevas oportunidades laborales.<\/p>\n\n\n\n<p>En el evento estuvieron presentes Ana Karen S\u00e1nchez, alcaldesa de Arteaga; Mayra Vald\u00e9s, secretaria de las Mujeres; Edna D\u00e1valos, diputada local del distrito 12; Gabriela Franyutti, subsecretaria de Proximidad Social y Prevenci\u00f3n de la Secretar\u00eda de Seguridad P\u00fablica y Marco Antonio Cant\u00fa, director general del ICATEC.<\/p>\n","protected":false},"excerpt":{"rendered":"<p>A trav\u00e9s de la Secretar\u00eda de Vinculaci\u00f3n se inaugur\u00f3 en Vitti Logistics un espacio seguro para las mujeres y se entregaron constancias a beneficiarias del programa \u201cEscuela de Montacargas\u201d Saltillo, Coahuila de Zaragoza, a 16 de mayo de 2025.- Con el objetivo de crear m\u00e1s espacios seguros para las mujeres en Coahuila, el gobierno del [&hellip;]<\/p>\n","protected":false},"author":4,"featured_media":16725,"comment_status":"open","ping_status":"open","sticky":false,"template":"","format":"standard","meta":[],"categories":[4],"tags":[],"_links":{"self":[{"href":"https:\/\/alertasaltillo.com\/index.php\/wp-json\/wp\/v2\/posts\/16724"}],"collection":[{"href":"https:\/\/alertasaltillo.com\/index.php\/wp-json\/wp\/v2\/posts"}],"about":[{"href":"https:\/\/alertasaltillo.com\/index.php\/wp-json\/wp\/v2\/types\/post"}],"author":[{"embeddable":true,"href":"https:\/\/alertasaltillo.com\/index.php\/wp-json\/wp\/v2\/users\/4"}],"replies":[{"embeddable":true,"href":"https:\/\/alertasaltillo.com\/index.php\/wp-json\/wp\/v2\/comments?post=16724"}],"version-history":[{"count":1,"href":"https:\/\/alertasaltillo.com\/index.php\/wp-json\/wp\/v2\/posts\/16724\/revisions"}],"predecessor-version":[{"id":16726,"href":"https:\/\/alertasaltillo.com\/index.php\/wp-json\/wp\/v2\/posts\/16724\/revisions\/16726"}],"wp:featuredmedia":[{"embeddable":true,"href":"https:\/\/alertasaltillo.com\/index.php\/wp-json\/wp\/v2\/media\/16725"}],"wp:attachment":[{"href":"https:\/\/alertasaltillo.com\/index.php\/wp-json\/wp\/v2\/media?parent=16724"}],"wp:term":[{"taxonomy":"category","embeddable":true,"href":"https:\/\/alertasaltillo.com\/index.php\/wp-json\/wp\/v2\/categories?post=16724"},{"taxonomy":"post_tag","embeddable":true,"href":"https:\/\/alertasaltillo.com\/index.php\/wp-json\/wp\/v2\/tags?post=16724"}],"curies":[{"name":"wp","href":"https:\/\/api.w.org\/{rel}","templated":true}]}}