{"id":16673,"date":"2025-05-15T22:18:44","date_gmt":"2025-05-15T22:18:44","guid":{"rendered":"https:\/\/alertasaltillo.com\/?p=16673"},"modified":"2025-05-15T22:18:47","modified_gmt":"2025-05-15T22:18:47","slug":"habra-castigo-a-responsables-de-maltrato-animal","status":"publish","type":"post","link":"https:\/\/alertasaltillo.com\/index.php\/2025\/05\/15\/habra-castigo-a-responsables-de-maltrato-animal\/","title":{"rendered":"HABR\u00c1 CASTIGO A RESPONSABLES DE MALTRATO ANIMAL"},"content":{"rendered":"\n<p>Ante los recientes se\u00f1alamientos y denuncias ciudadanas por casos de maltrato animal en la ciudad de Torre\u00f3n, en contra de un caballo, y en Parras de la Fuente y Saltillo, ambos casos en contra de sujetos caninos, la titular de la Secretar\u00eda del Medio Ambiente del Estado, Susana Estens, fue clara al asegurar que se realizar\u00e1 una investigaci\u00f3n seria ya fondo para identificar a los responsables y aplicar las sanciones correspondientes conforme a la ley.<\/p>\n\n\n\n<p>\u201cQuiero dejarlo muy claro: en Coahuila no se tolera el maltrato animal. Desde la Secretar\u00eda del Medio Ambiente, junto con otras instancias como la Procuradur\u00eda de Protecci\u00f3n al Medio Ambiente y los gobiernos municipales, estamos recabando toda la informaci\u00f3n para iniciar una investigaci\u00f3n formal, y vamos a actuar con todo el peso de la normatividad estatal\u201d, dijo la funcionaria.<\/p>\n\n\n\n<p>Estens puntualiz\u00f3 que la preocupaci\u00f3n de la ciudadan\u00eda, expresada en las redes sociales, es leg\u00edtima y ser\u00e1 atendida con prontitud.<\/p>\n\n\n\n<p>\u00abVamos a responder con firmeza, con acciones legales y procedimientos claros. Ya hay una ruta establecida para investigar y sancionar\u00bb, concluy\u00f3.<\/p>\n\n\n\n<p>Desde el Gobierno del Estado se ha reiterado el compromiso con el bienestar animal, el respeto a la vida y el fortalecimiento del marco legal que protege a las especies dom\u00e9sticas y silvestres.<\/p>\n\n\n\n<p><\/p>\n","protected":false},"excerpt":{"rendered":"<p>Ante los recientes se\u00f1alamientos y denuncias ciudadanas por casos de maltrato animal en la ciudad de Torre\u00f3n, en contra de un caballo, y en Parras de la Fuente y Saltillo, ambos casos en contra de sujetos caninos, la titular de la Secretar\u00eda del Medio Ambiente del Estado, Susana Estens, fue clara al asegurar que se [&hellip;]<\/p>\n","protected":false},"author":4,"featured_media":16674,"comment_status":"open","ping_status":"open","sticky":false,"template":"","format":"standard","meta":[],"categories":[4],"tags":[],"_links":{"self":[{"href":"https:\/\/alertasaltillo.com\/index.php\/wp-json\/wp\/v2\/posts\/16673"}],"collection":[{"href":"https:\/\/alertasaltillo.com\/index.php\/wp-json\/wp\/v2\/posts"}],"about":[{"href":"https:\/\/alertasaltillo.com\/index.php\/wp-json\/wp\/v2\/types\/post"}],"author":[{"embeddable":true,"href":"https:\/\/alertasaltillo.com\/index.php\/wp-json\/wp\/v2\/users\/4"}],"replies":[{"embeddable":true,"href":"https:\/\/alertasaltillo.com\/index.php\/wp-json\/wp\/v2\/comments?post=16673"}],"version-history":[{"count":1,"href":"https:\/\/alertasaltillo.com\/index.php\/wp-json\/wp\/v2\/posts\/16673\/revisions"}],"predecessor-version":[{"id":16675,"href":"https:\/\/alertasaltillo.com\/index.php\/wp-json\/wp\/v2\/posts\/16673\/revisions\/16675"}],"wp:featuredmedia":[{"embeddable":true,"href":"https:\/\/alertasaltillo.com\/index.php\/wp-json\/wp\/v2\/media\/16674"}],"wp:attachment":[{"href":"https:\/\/alertasaltillo.com\/index.php\/wp-json\/wp\/v2\/media?parent=16673"}],"wp:term":[{"taxonomy":"category","embeddable":true,"href":"https:\/\/alertasaltillo.com\/index.php\/wp-json\/wp\/v2\/categories?post=16673"},{"taxonomy":"post_tag","embeddable":true,"href":"https:\/\/alertasaltillo.com\/index.php\/wp-json\/wp\/v2\/tags?post=16673"}],"curies":[{"name":"wp","href":"https:\/\/api.w.org\/{rel}","templated":true}]}}