{"id":16298,"date":"2025-04-29T17:47:44","date_gmt":"2025-04-29T17:47:44","guid":{"rendered":"https:\/\/alertasaltillo.com\/?p=16298"},"modified":"2025-04-29T17:47:46","modified_gmt":"2025-04-29T17:47:46","slug":"sedu-lleva-a-escuelas-insectus","status":"publish","type":"post","link":"https:\/\/alertasaltillo.com\/index.php\/2025\/04\/29\/sedu-lleva-a-escuelas-insectus\/","title":{"rendered":"SEDU LLEVA A ESCUELAS INSECTUS"},"content":{"rendered":"\n<p>Saltillo Coahuila de Zaragoza; a 28 de abril de 2025.-La Secretar\u00eda de Educaci\u00f3n de Coahuila (SEDU) abre agenda para que las escuelas de la localidad visiten la exposici\u00f3n Insectus, Ciencia, Arte y Cultura a realizarse en la explanada del Museo del Desierto de Saltillo desde el 10 de abril hasta el 8 de mayo, en un horario de 10:00 a 18:00 horas.<\/p>\n\n\n\n<p>Emanuel Garza Fishburn, Secretario de Educaci\u00f3n, inform\u00f3 que el enlace para agendar las visitas escolares es&nbsp;<a href=\"mailto:exposicion@seducoahuila.gob.mx\" rel=\"noreferrer noopener\" target=\"_blank\">exposicion@seducoahuila.gob.mx<\/a>&nbsp;o bien pueden llamar a las l\u00edneas telef\u00f3nicas 844 411 8935, 4118800 extensi\u00f3n 3247.<\/p>\n\n\n\n<p>Esta es una buena oportunidad para acercar a los estudiantes al fascinante mundo de los insectos con una visi\u00f3n \u00fanica de una colecci\u00f3n de 37 fotograf\u00edas microsc\u00f3pica de los insectos y su funci\u00f3n en la naturaleza, as\u00ed como su composici\u00f3n y caracter\u00edsticas en modelos 3D se\u00f1al\u00f3 Garza Fishburn.&nbsp;<\/p>\n\n\n\n<p>Es importante mencionar que esta exposici\u00f3n, que ya se ha presentado en diferentes pa\u00edses, es gracias al Gobierno del Estado, el Gobierno de Saltillo y la Fundaci\u00f3n Coppel.&nbsp;<\/p>\n\n\n\n<p><\/p>\n","protected":false},"excerpt":{"rendered":"<p>Saltillo Coahuila de Zaragoza; a 28 de abril de 2025.-La Secretar\u00eda de Educaci\u00f3n de Coahuila (SEDU) abre agenda para que las escuelas de la localidad visiten la exposici\u00f3n Insectus, Ciencia, Arte y Cultura a realizarse en la explanada del Museo del Desierto de Saltillo desde el 10 de abril hasta el 8 de mayo, en [&hellip;]<\/p>\n","protected":false},"author":4,"featured_media":16299,"comment_status":"open","ping_status":"open","sticky":false,"template":"","format":"standard","meta":[],"categories":[206],"tags":[],"_links":{"self":[{"href":"https:\/\/alertasaltillo.com\/index.php\/wp-json\/wp\/v2\/posts\/16298"}],"collection":[{"href":"https:\/\/alertasaltillo.com\/index.php\/wp-json\/wp\/v2\/posts"}],"about":[{"href":"https:\/\/alertasaltillo.com\/index.php\/wp-json\/wp\/v2\/types\/post"}],"author":[{"embeddable":true,"href":"https:\/\/alertasaltillo.com\/index.php\/wp-json\/wp\/v2\/users\/4"}],"replies":[{"embeddable":true,"href":"https:\/\/alertasaltillo.com\/index.php\/wp-json\/wp\/v2\/comments?post=16298"}],"version-history":[{"count":1,"href":"https:\/\/alertasaltillo.com\/index.php\/wp-json\/wp\/v2\/posts\/16298\/revisions"}],"predecessor-version":[{"id":16300,"href":"https:\/\/alertasaltillo.com\/index.php\/wp-json\/wp\/v2\/posts\/16298\/revisions\/16300"}],"wp:featuredmedia":[{"embeddable":true,"href":"https:\/\/alertasaltillo.com\/index.php\/wp-json\/wp\/v2\/media\/16299"}],"wp:attachment":[{"href":"https:\/\/alertasaltillo.com\/index.php\/wp-json\/wp\/v2\/media?parent=16298"}],"wp:term":[{"taxonomy":"category","embeddable":true,"href":"https:\/\/alertasaltillo.com\/index.php\/wp-json\/wp\/v2\/categories?post=16298"},{"taxonomy":"post_tag","embeddable":true,"href":"https:\/\/alertasaltillo.com\/index.php\/wp-json\/wp\/v2\/tags?post=16298"}],"curies":[{"name":"wp","href":"https:\/\/api.w.org\/{rel}","templated":true}]}}