{"id":16285,"date":"2025-04-29T17:34:17","date_gmt":"2025-04-29T17:34:17","guid":{"rendered":"https:\/\/alertasaltillo.com\/?p=16285"},"modified":"2025-04-29T17:34:20","modified_gmt":"2025-04-29T17:34:20","slug":"apagon-masivo-afecta-a-4-paises-de-europa","status":"publish","type":"post","link":"https:\/\/alertasaltillo.com\/index.php\/2025\/04\/29\/apagon-masivo-afecta-a-4-paises-de-europa\/","title":{"rendered":"APAG\u00d3N MASIVO AFECTA A 4 PA\u00cdSES DE EUROPA"},"content":{"rendered":"\n<p>Madrid, Espa\u00f1a.- Un apag\u00f3n de gran magnitud dej\u00f3 sin suministro el\u00e9ctrico este lunes 28 de abril a Espa\u00f1a, Andorra, Portugal y parte de Francia, afectando a millones de personas y paralizando infraestructuras clave.<\/p>\n\n\n\n<p>De acuerdo con los primeros reportes compartidos en la red social \u2018X\u2019 el corte de energ\u00eda se registr\u00f3 alrededor de las 12:30 hora de Espa\u00f1a y provoc\u00f3 caos en el transporte, el tr\u00e1fico y los servicios.<\/p>\n\n\n\n<p>Seg\u00fan testimonios en redes sociales, el apag\u00f3n sorprendi\u00f3 a pasajeros que quedaron atrapados en t\u00faneles del metro en ciudades como Lisboa y Madrid, mientras que otras localidades tambi\u00e9n sufrieron la interrupci\u00f3n del servicio el\u00e9ctrico.<\/p>\n\n\n\n<p>El\u00a0apag\u00f3n masivo en Europa\u00a0deja en evidencia la vulnerabilidad de las\u00a0infraestructuras\u00a0cr\u00edticas frente a posibles\u00a0ataques digitales. Aunque las investigaciones apenas comienzan, el simple hecho de que una autoridad haya considerado la posibilidad de un\u00a0ciberataque\u00a0marca un nuevo cap\u00edtulo de\u00a0alerta para el continente.<\/p>\n\n\n\n<p>Con Informaci\u00f3n tomada de EL HERALDO DE SALTILLO<\/p>\n","protected":false},"excerpt":{"rendered":"<p>Madrid, Espa\u00f1a.- Un apag\u00f3n de gran magnitud dej\u00f3 sin suministro el\u00e9ctrico este lunes 28 de abril a Espa\u00f1a, Andorra, Portugal y parte de Francia, afectando a millones de personas y paralizando infraestructuras clave. De acuerdo con los primeros reportes compartidos en la red social \u2018X\u2019 el corte de energ\u00eda se registr\u00f3 alrededor de las 12:30 [&hellip;]<\/p>\n","protected":false},"author":4,"featured_media":16286,"comment_status":"open","ping_status":"open","sticky":false,"template":"","format":"standard","meta":[],"categories":[186],"tags":[],"_links":{"self":[{"href":"https:\/\/alertasaltillo.com\/index.php\/wp-json\/wp\/v2\/posts\/16285"}],"collection":[{"href":"https:\/\/alertasaltillo.com\/index.php\/wp-json\/wp\/v2\/posts"}],"about":[{"href":"https:\/\/alertasaltillo.com\/index.php\/wp-json\/wp\/v2\/types\/post"}],"author":[{"embeddable":true,"href":"https:\/\/alertasaltillo.com\/index.php\/wp-json\/wp\/v2\/users\/4"}],"replies":[{"embeddable":true,"href":"https:\/\/alertasaltillo.com\/index.php\/wp-json\/wp\/v2\/comments?post=16285"}],"version-history":[{"count":1,"href":"https:\/\/alertasaltillo.com\/index.php\/wp-json\/wp\/v2\/posts\/16285\/revisions"}],"predecessor-version":[{"id":16287,"href":"https:\/\/alertasaltillo.com\/index.php\/wp-json\/wp\/v2\/posts\/16285\/revisions\/16287"}],"wp:featuredmedia":[{"embeddable":true,"href":"https:\/\/alertasaltillo.com\/index.php\/wp-json\/wp\/v2\/media\/16286"}],"wp:attachment":[{"href":"https:\/\/alertasaltillo.com\/index.php\/wp-json\/wp\/v2\/media?parent=16285"}],"wp:term":[{"taxonomy":"category","embeddable":true,"href":"https:\/\/alertasaltillo.com\/index.php\/wp-json\/wp\/v2\/categories?post=16285"},{"taxonomy":"post_tag","embeddable":true,"href":"https:\/\/alertasaltillo.com\/index.php\/wp-json\/wp\/v2\/tags?post=16285"}],"curies":[{"name":"wp","href":"https:\/\/api.w.org\/{rel}","templated":true}]}}