{"id":16212,"date":"2025-04-26T05:35:41","date_gmt":"2025-04-26T05:35:41","guid":{"rendered":"https:\/\/alertasaltillo.com\/?p=16212"},"modified":"2025-04-26T05:35:44","modified_gmt":"2025-04-26T05:35:44","slug":"coahuila-celebra-el-dia-del-matlachin-con-la-tercera-edidion-del-festival-del-matlachin-saltillense","status":"publish","type":"post","link":"https:\/\/alertasaltillo.com\/index.php\/2025\/04\/26\/coahuila-celebra-el-dia-del-matlachin-con-la-tercera-edidion-del-festival-del-matlachin-saltillense\/","title":{"rendered":"COAHUILA CELEBRA EL D\u00cdA DEL MATLACH\u00cdN CON LA TERCERA EDIDI\u00d3N DEL FESTIVAL DEL MATLACH\u00cdN SALTILLENSE"},"content":{"rendered":"\n<p><\/p>\n\n\n\n<p>&nbsp;&nbsp;<strong><em>Una celebraci\u00f3n viva del Patrimonio Cultural de Coahuila<\/em><\/strong><\/p>\n\n\n\n<p>Saltillo, Coahuila a 25 de abril de 2025.- La Secretar\u00eda de Cultura del Estado de Coahuila dio a conocer la realizaci\u00f3n de la Tercera Edici\u00f3n del Festival del Matlach\u00edn Saltillense que se llevar\u00e1 a cabo el pr\u00f3ximo domingo 4 de mayo de 2025 en la ciudad de Saltillo como parte de la conmemoraci\u00f3n del D\u00eda del Matlach\u00edn Saltillense una fecha que honra profundamente las tradiciones vivas de nuestra regi\u00f3n y fortalece el tejido cultural de nuestro estado<\/p>\n\n\n\n<p>La titular de la dependencia Esther Quintana destac\u00f3 que \u201ceste festival representa no s\u00f3lo una celebraci\u00f3n popular sino tambi\u00e9n un acto de identidad colectiva una manifestaci\u00f3n de fe y una forma de resistencia cultural que ha perdurado en el tiempo gracias al amor del pueblo coahuilense por sus ra\u00edces\u201d<\/p>\n\n\n\n<p>Durante esta jornada se congregar\u00e1n m\u00e1s de 500 danzantes y 35 grupos de danza tradicional quienes recorrer\u00e1n las principales calles de Saltillo en un ambiente lleno de color devoci\u00f3n y orgullo por la herencia cultural compartida. Esta fiesta tradicional permitir\u00e1 a los asistentes comprender la profundidad de esta expresi\u00f3n que forma parte del patrimonio cultural de Coahuila.<\/p>\n\n\n\n<p>El evento dar\u00e1 inicio con una ceremonia y homenaje a los Matlachines de Saltillo en el Parque Mirador para despu\u00e9s avanzar hacia el Ojo de Agua donde se llevar\u00e1 a cabo una ofrenda floral y una bendici\u00f3n general a cargo del presb\u00edtero Jos\u00e9 Ignacio Flores Ramos. Posteriormente el recorrido de los grupos de danza continuar\u00e1 hasta la Plaza de Armas donde culminar\u00e1 con la entrega de reconocimientos a los participantes y la Presea Matlach\u00edn 2025<\/p>\n\n\n\n<p>Esther Quintana subray\u00f3 la importancia hist\u00f3rica de esta celebraci\u00f3n al recordar que \u201cfue el actual gobernador Manolo Jim\u00e9nez quien instituy\u00f3 el D\u00eda del Matlach\u00edn el 18 de julio de 2021 durante la Matlachinada Estatal una fecha que qued\u00f3 grabada en la memoria colectiva por haber roto un r\u00e9cord Guinness de participaci\u00f3n y por la entrega simb\u00f3lica de la declaratoria al ni\u00f1o danzante Mart\u00edn Mart\u00ednez siendo entonces alcalde de Saltillo\u201d A\u00f1adi\u00f3 que \u201choy celebramos no solo una danza sino el esp\u00edritu comunitario que la mantiene viva generaci\u00f3n tras generaci\u00f3n\u201d<\/p>\n\n\n\n<p>Patrimonio Cultural Vivo<\/p>\n\n\n\n<p>La tradici\u00f3n de los Matlachines es una expresi\u00f3n de fe, identidad y resistencia cultural. Con ra\u00edces en las ceremonias rituales de los pueblos originarios del norte de M\u00e9xico, esta danza ha perdurado por generaciones, adapt\u00e1ndose a nuevos contextos sin perder su esencia.<\/p>\n\n\n\n<p>El Festival del Matlach\u00edn Saltillense representa una oportunidad para reconocer, valorar y promover estas expresiones de la cultura popular que forman parte del Patrimonio Cultural del Estado de Coahuila.<\/p>\n\n\n\n<p>Desde la Secretar\u00eda de Cultura del Estado de Coahuila reafirmamos nuestro compromiso con la preservaci\u00f3n y difusi\u00f3n de las expresiones culturales que dan identidad y cohesi\u00f3n a las y los coahuilenses. En palabras de la Secretaria \u201cpreservar nuestras tradiciones es asegurar que nuestra historia siga latiendo en el presente y que nuestros valores culturales se proyecten hacia el futuro<\/p>\n\n\n\n<p>En esta presentaci\u00f3n estuvieron presentes Angie Rub\u00ed Mart\u00ednez, Directora General de Organizaciones Briomar Saltillo; Victoria Palomo, Presidenta de Organizaciones Briomar Saltillo y Gonzalo Briones, Director General de Matlachines Saltillo quienes invitaron a la poblaci\u00f3n de Saltillo y del estado en general a sumarse a esta celebraci\u00f3n que da vida, sentido y orgullo a nuestra identidad coahuilense. Preservar y promover nuestras tradiciones es una responsabilidad compartida que fortalece nuestro tejido social y enriquece nuestro presente y futuro.<\/p>\n","protected":false},"excerpt":{"rendered":"<p>&nbsp;&nbsp;Una celebraci\u00f3n viva del Patrimonio Cultural de Coahuila Saltillo, Coahuila a 25 de abril de 2025.- La Secretar\u00eda de Cultura del Estado de Coahuila dio a conocer la realizaci\u00f3n de la Tercera Edici\u00f3n del Festival del Matlach\u00edn Saltillense que se llevar\u00e1 a cabo el pr\u00f3ximo domingo 4 de mayo de 2025 en la ciudad de [&hellip;]<\/p>\n","protected":false},"author":4,"featured_media":16213,"comment_status":"open","ping_status":"open","sticky":false,"template":"","format":"standard","meta":[],"categories":[201],"tags":[],"_links":{"self":[{"href":"https:\/\/alertasaltillo.com\/index.php\/wp-json\/wp\/v2\/posts\/16212"}],"collection":[{"href":"https:\/\/alertasaltillo.com\/index.php\/wp-json\/wp\/v2\/posts"}],"about":[{"href":"https:\/\/alertasaltillo.com\/index.php\/wp-json\/wp\/v2\/types\/post"}],"author":[{"embeddable":true,"href":"https:\/\/alertasaltillo.com\/index.php\/wp-json\/wp\/v2\/users\/4"}],"replies":[{"embeddable":true,"href":"https:\/\/alertasaltillo.com\/index.php\/wp-json\/wp\/v2\/comments?post=16212"}],"version-history":[{"count":1,"href":"https:\/\/alertasaltillo.com\/index.php\/wp-json\/wp\/v2\/posts\/16212\/revisions"}],"predecessor-version":[{"id":16214,"href":"https:\/\/alertasaltillo.com\/index.php\/wp-json\/wp\/v2\/posts\/16212\/revisions\/16214"}],"wp:featuredmedia":[{"embeddable":true,"href":"https:\/\/alertasaltillo.com\/index.php\/wp-json\/wp\/v2\/media\/16213"}],"wp:attachment":[{"href":"https:\/\/alertasaltillo.com\/index.php\/wp-json\/wp\/v2\/media?parent=16212"}],"wp:term":[{"taxonomy":"category","embeddable":true,"href":"https:\/\/alertasaltillo.com\/index.php\/wp-json\/wp\/v2\/categories?post=16212"},{"taxonomy":"post_tag","embeddable":true,"href":"https:\/\/alertasaltillo.com\/index.php\/wp-json\/wp\/v2\/tags?post=16212"}],"curies":[{"name":"wp","href":"https:\/\/api.w.org\/{rel}","templated":true}]}}