{"id":15815,"date":"2025-04-07T16:26:53","date_gmt":"2025-04-07T16:26:53","guid":{"rendered":"https:\/\/alertasaltillo.com\/?p=15815"},"modified":"2025-04-07T16:26:56","modified_gmt":"2025-04-07T16:26:56","slug":"exitosa-gira-de-promocion-economica-de-coahuila-en-alemania","status":"publish","type":"post","link":"https:\/\/alertasaltillo.com\/index.php\/2025\/04\/07\/exitosa-gira-de-promocion-economica-de-coahuila-en-alemania\/","title":{"rendered":"EXITOSA GIRA DE PROMOCI\u00d3N ECON\u00d3MICA DE COAHUILA EN ALEMANIA"},"content":{"rendered":"\n<p><strong><em>Firman convenio de colaboraci\u00f3n de Siemens y Coahuila para fortalecer el desarrollo tecnol\u00f3gico sostenible de la industria y la regi\u00f3n<\/em><\/strong><\/p>\n\n\n\n<p>\u00b7&nbsp;<strong><em>M\u00e9xico y Alemania refuerzan cooperaci\u00f3n econ\u00f3mica en la Feria Hannover Messe<\/em><\/strong><\/p>\n\n\n\n<p>\u00b7&nbsp;<strong><em>Participa delegaci\u00f3n de Coahuila en la presentaci\u00f3n<\/em>&nbsp;del \u00abPlan M\u00e9xico &#8211; Una Nueva Era en la Relocalizaci\u00f3n de Empresas\u00bb en Berl\u00edn<\/strong><\/p>\n\n\n\n<p>Hannover, Alemania; 06 de abril de 2025.- Dentro de la gira de promoci\u00f3n econ\u00f3mica en Alemania que realiz\u00f3 el Secretario de Econom\u00eda de Coahuila, Luis Olivares Mart\u00ednez y la Directora General de Pro Coahuila, Sof\u00eda Delgadillo, particip\u00f3 en diversas ponencias, firmas de convenios de colaboraci\u00f3n y fortalecimiento de la relaci\u00f3n econ\u00f3mica bilateral entre M\u00e9xico y Alemania.<\/p>\n\n\n\n<p>En el marco de la feria de tecnolog\u00eda industrial m\u00e1s importante a nivel global, la Hannover Messe 2025, en Alemania, Siemens M\u00e9xico, Centroam\u00e9rica y el Caribe, junto con el Gobierno del Estado de Coahuila, firmaron un convenio de colaboraci\u00f3n estrat\u00e9gica para desarrollar iniciativas que impulsen el desarrollo econ\u00f3mico regional a trav\u00e9s de tecnolog\u00edas limpias y sistemas de \u00faltima generaci\u00f3n, as\u00ed como pr\u00e1cticas operativas sostenibles.<\/p>\n\n\n\n<p>Gracias a su posici\u00f3n estrat\u00e9gica en el corredor industrial del pa\u00eds, y ante la acelerada tendencia de nearshoring, as\u00ed como la digitalizaci\u00f3n del sector industrial de M\u00e9xico, Coahuila se ha consolidado como una de las principales regiones industriales y econ\u00f3micas, con gran potencial de crecimiento y desarrollo.<\/p>\n\n\n\n<p>Alejandro Preinfalk, presidente y CEO de Siemens M\u00e9xico, Centroam\u00e9rica y el Caribe, coment\u00f3 que el trabajo en conjunto se orientar\u00e1 en iniciativas enfocadas en asegurar que el crecimiento econ\u00f3mico vaya de la mano con la responsabilidad ambiental y social, garantizando un futuro pr\u00f3spero y equilibrado para las pr\u00f3ximas generaciones.<\/p>\n\n\n\n<p>\u201cEn la trayectoria y legado de Siemens de 130 a\u00f1os en M\u00e9xico, nos hemos abocado a entregar soluciones robustas que detonen el crecimiento integral del pa\u00eds. Refrendamos nuestro compromiso por impulsar el desarrollo tecnol\u00f3gico a trav\u00e9s de una s\u00f3lida infraestructura, una fuerza laboral capacitada y un desarrollo integral de la regi\u00f3n, fortaleciendo el progreso de Coahuila y de M\u00e9xico\u201d, destac\u00f3.<\/p>\n\n\n\n<p>Durante esta gira, el Secretario de Econom\u00eda de Coahuila, Luis Olivares Mart\u00ednez y la Directora General de ProCoahuila, Sof\u00eda Delgadillo, participaron en una reuni\u00f3n clave entre representantes de M\u00e9xico y el Ministro de Econom\u00eda de Alemania, Robert Habaeck, con el objetivo de fortalecer la relaci\u00f3n econ\u00f3mica bilateral y abordar estrategias conjuntas frente a los retos del comercio internacional.<\/p>\n\n\n\n<p>Durante el encuentro se analiz\u00f3 la relaci\u00f3n de M\u00e9xico con Estados Unidos y Alemania, con un enfoque especial en las recientes pol\u00edticas arancelarias y su impacto en las cadenas de valor compartidas. Ambas partes coincidieron en la importancia de trabajar en conjunto para mitigar posibles efectos negativos y fomentar un comercio m\u00e1s din\u00e1mico y equitativo.<\/p>\n\n\n\n<p>En la reuni\u00f3n asistieron presentes integrantes del equipo de la Embajada de M\u00e9xico en Alemania, as\u00ed como secretarios de Desarrollo Econ\u00f3mico de distintos estados del pa\u00eds.<\/p>\n\n\n\n<p>Coahuila, como una de las principales regiones industriales de M\u00e9xico, reiter\u00f3 su compromiso con la atracci\u00f3n de inversi\u00f3n extranjera y la consolidaci\u00f3n de estrategias que fortalezcan la competitividad de las empresas en ambos pa\u00edses.<\/p>\n\n\n\n<p>\u00abLa colaboraci\u00f3n entre M\u00e9xico y Alemania representa una oportunidad clave para seguir impulsando la innovaci\u00f3n, la fabricaci\u00f3n avanzada y el desarrollo sostenible\u00bb, se\u00f1al\u00f3 Luis Olivares.<\/p>\n\n\n\n<p>La Feria Hannover Messe, reconocida como uno de los eventos m\u00e1s importantes a nivel global en materia de tecnolog\u00eda industrial e innovaci\u00f3n, se consolida como un espacio estrat\u00e9gico para fortalecer la cooperaci\u00f3n internacional y generar oportunidades de desarrollo econ\u00f3mico en beneficio de ambas naciones.<\/p>\n\n\n\n<p>Como parte de la gira de promoci\u00f3n econ\u00f3mica, la delegaci\u00f3n coahuilense particip\u00f3 en la ponencia \u00abPlan M\u00e9xico, una nueva era en la relocalizaci\u00f3n de empresas\u00bb en las instalaciones de la Embajada de M\u00e9xico en Alemania.<\/p>\n\n\n\n<p>Ello en un esfuerzo por fortalecer la posici\u00f3n de M\u00e9xico como un destino estrat\u00e9gico para la inversi\u00f3n extranjera y la relocalizaci\u00f3n de empresas, evento que Reuni\u00f3n a l\u00edderes gubernamentales, empresarios y representantes de la industria, destacando las oportunidades que M\u00e9xico ofrece en el contexto de la reconfiguraci\u00f3n de las cadenas globales de suministro.<\/p>\n\n\n\n<p>El \u00abPlan M\u00e9xico\u00bb es una estrategia integral dise\u00f1ada para atraer inversiones, fomentar la relocalizaci\u00f3n de empresas y fortalecer el desarrollo econ\u00f3mico regional. Entre sus objetivos principales se encuentran Promover la relocalizaci\u00f3n industrial, Fortalecer la proveedur\u00eda local, Generar empleos bien remunerados y Reducir tiempos y tr\u00e1mites.<\/p>\n\n\n\n<p>Durante la presentaci\u00f3n, se destac\u00f3 que el \u00abPlan M\u00e9xico\u00bb contempla un portafolio de inversiones por m\u00e1s de 277 mil millones de d\u00f3lares, distribuidos en cerca de 2,000 proyectos espec\u00edficos en todo el pa\u00eds.<\/p>\n\n\n\n<p>Mar\u00eda Pilar Escobar Bautista como representante del Embajador de M\u00e9xico en Alemania expres\u00f3: \u00abEl &#8216;Plan M\u00e9xico&#8217; es una muestra del compromiso de nuestro pa\u00eds por adaptarse a las nuevas din\u00e1micas econ\u00f3micas globales. Este programa no solo busca atraer inversiones, sino tambi\u00e9n fortalecer la relaci\u00f3n bilateral con Alemania, un socio estrat\u00e9gico para M\u00e9xico.\u00bb<\/p>\n\n\n\n<p><\/p>\n","protected":false},"excerpt":{"rendered":"<p>Firman convenio de colaboraci\u00f3n de Siemens y Coahuila para fortalecer el desarrollo tecnol\u00f3gico sostenible de la industria y la regi\u00f3n \u00b7&nbsp;M\u00e9xico y Alemania refuerzan cooperaci\u00f3n econ\u00f3mica en la Feria Hannover Messe \u00b7&nbsp;Participa delegaci\u00f3n de Coahuila en la presentaci\u00f3n&nbsp;del \u00abPlan M\u00e9xico &#8211; Una Nueva Era en la Relocalizaci\u00f3n de Empresas\u00bb en Berl\u00edn Hannover, Alemania; 06 de [&hellip;]<\/p>\n","protected":false},"author":4,"featured_media":15816,"comment_status":"open","ping_status":"open","sticky":false,"template":"","format":"standard","meta":[],"categories":[4],"tags":[],"_links":{"self":[{"href":"https:\/\/alertasaltillo.com\/index.php\/wp-json\/wp\/v2\/posts\/15815"}],"collection":[{"href":"https:\/\/alertasaltillo.com\/index.php\/wp-json\/wp\/v2\/posts"}],"about":[{"href":"https:\/\/alertasaltillo.com\/index.php\/wp-json\/wp\/v2\/types\/post"}],"author":[{"embeddable":true,"href":"https:\/\/alertasaltillo.com\/index.php\/wp-json\/wp\/v2\/users\/4"}],"replies":[{"embeddable":true,"href":"https:\/\/alertasaltillo.com\/index.php\/wp-json\/wp\/v2\/comments?post=15815"}],"version-history":[{"count":1,"href":"https:\/\/alertasaltillo.com\/index.php\/wp-json\/wp\/v2\/posts\/15815\/revisions"}],"predecessor-version":[{"id":15817,"href":"https:\/\/alertasaltillo.com\/index.php\/wp-json\/wp\/v2\/posts\/15815\/revisions\/15817"}],"wp:featuredmedia":[{"embeddable":true,"href":"https:\/\/alertasaltillo.com\/index.php\/wp-json\/wp\/v2\/media\/15816"}],"wp:attachment":[{"href":"https:\/\/alertasaltillo.com\/index.php\/wp-json\/wp\/v2\/media?parent=15815"}],"wp:term":[{"taxonomy":"category","embeddable":true,"href":"https:\/\/alertasaltillo.com\/index.php\/wp-json\/wp\/v2\/categories?post=15815"},{"taxonomy":"post_tag","embeddable":true,"href":"https:\/\/alertasaltillo.com\/index.php\/wp-json\/wp\/v2\/tags?post=15815"}],"curies":[{"name":"wp","href":"https:\/\/api.w.org\/{rel}","templated":true}]}}