{"id":15742,"date":"2025-04-04T15:42:18","date_gmt":"2025-04-04T15:42:18","guid":{"rendered":"https:\/\/alertasaltillo.com\/?p=15742"},"modified":"2025-04-04T15:42:20","modified_gmt":"2025-04-04T15:42:20","slug":"anuncia-luly-lopez-area-de-atencion-para-personas-con-autismo","status":"publish","type":"post","link":"https:\/\/alertasaltillo.com\/index.php\/2025\/04\/04\/anuncia-luly-lopez-area-de-atencion-para-personas-con-autismo\/","title":{"rendered":"ANUNCIA LULY L\u00d3PEZ \u00c1REA DE ATENCI\u00d3N PARA PERSONAS CON AUTISMO"},"content":{"rendered":"\n<p><em>Lleva a cabo DIF Saltillo el rally \u201cTEAcompa\u00f1o con Amor\u201d<\/em><\/p>\n\n\n\n<p>Saltillo, Coahuila de Zaragoza; 02 de abril de 2025.- En el marco del D\u00eda Mundial sobre la Concientizaci\u00f3n del Autismo, Luly L\u00f3pez Naranjo, presidenta honoraria del DIF Saltillo, anunci\u00f3 la creaci\u00f3n de un espacio en el que se brindar\u00e1 terapia, tratamiento y seguimiento, adem\u00e1s de reiterar su compromiso con las personas con trastorno del espectro autista y sus familias.<\/p>\n\n\n\n<p>Mencion\u00f3 que este espacio se implementar\u00e1 al interior de la Unidad B\u00e1sica de Rehabilitaci\u00f3n, UBR, ubicada en la colonia Bellavista al sur de la ciudad, mismo que se acondicionar\u00e1 y se implementar\u00e1 todo lo necesario con lo que se lograr\u00e1 recaudar este s\u00e1bado 5 de abril en el Juego con Causa con Saraperos.<\/p>\n\n\n\n<p>\u00abDesde el coraz\u00f3n, mi compromiso es impulsar programas que brinden apoyo real a las personas con espectro autista ya sus familias, generar espacios de inclusi\u00f3n y crear conciencia en nuestra comunidad. Porque entender, acompa\u00f1ar y amar sin condiciones es el primer paso para construir un Saltillo m\u00e1s inclusivo\u00bb, dijo.<\/p>\n\n\n\n<p>Luly L\u00f3pez se\u00f1al\u00f3 que desde el inicio de la administraci\u00f3n, el DIF Saltillo se han dado a la tarea de capacitarse y trabajar en proyectos para beneficio de estas personas.<\/p>\n\n\n\n<p>\u201cHemos estado acudiendo a reuniones con personas expertas en el tema, visitado diferentes asociaciones y hemos estado apoyando en eventos de concientizaci\u00f3n\u201d, refiri\u00f3.<\/p>\n\n\n\n<p>La presidenta honoraria del DIF Saltillo, asisti\u00f3 este mi\u00e9rcoles a las instalaciones de la UBR, donde se llev\u00f3 a cabo el rally \u201cTEAcompa\u00f1o con Amor\u201d en el que particip\u00f3 en diferentes actividades l\u00fadicas, ni\u00f1as, ni\u00f1os y adolescentes con trastorno del espectro autista en compa\u00f1\u00eda de sus familiares y maestros.<\/p>\n\n\n\n<p>Asistieron integrantes de Familias Unidas por el Autismo AC, Cl\u00ednica Kanner, as\u00ed como de los Centros de Atenci\u00f3n M\u00faltiple #3 y #4.<\/p>\n\n\n\n<p>Durante el evento estuvieron presentes por parte del DIF Saltillo, Roberto C\u00e1rdenas Zavala, director general; Gloria Flores R\u00edos, directora de Salud; Fernanda Soto Menchaca, coordinadora M\u00e9dica; Leonardo Daniel Figueroa Ewald, coordinador de Salud Mental; y Mariana Guillermo Zamora, jefa de Salud Mental.<\/p>\n\n\n\n<p>Adem\u00e1s de Andrea Rueda L\u00f3pez, directora de Familias Unidas por el Autismo, AC; y Mar\u00eda del Socorro Udave Rodr\u00edguez, directora General de Cl\u00ednica Kanner.<\/p>\n","protected":false},"excerpt":{"rendered":"<p>Lleva a cabo DIF Saltillo el rally \u201cTEAcompa\u00f1o con Amor\u201d Saltillo, Coahuila de Zaragoza; 02 de abril de 2025.- En el marco del D\u00eda Mundial sobre la Concientizaci\u00f3n del Autismo, Luly L\u00f3pez Naranjo, presidenta honoraria del DIF Saltillo, anunci\u00f3 la creaci\u00f3n de un espacio en el que se brindar\u00e1 terapia, tratamiento y seguimiento, adem\u00e1s de [&hellip;]<\/p>\n","protected":false},"author":4,"featured_media":15743,"comment_status":"open","ping_status":"open","sticky":false,"template":"","format":"standard","meta":[],"categories":[5],"tags":[],"_links":{"self":[{"href":"https:\/\/alertasaltillo.com\/index.php\/wp-json\/wp\/v2\/posts\/15742"}],"collection":[{"href":"https:\/\/alertasaltillo.com\/index.php\/wp-json\/wp\/v2\/posts"}],"about":[{"href":"https:\/\/alertasaltillo.com\/index.php\/wp-json\/wp\/v2\/types\/post"}],"author":[{"embeddable":true,"href":"https:\/\/alertasaltillo.com\/index.php\/wp-json\/wp\/v2\/users\/4"}],"replies":[{"embeddable":true,"href":"https:\/\/alertasaltillo.com\/index.php\/wp-json\/wp\/v2\/comments?post=15742"}],"version-history":[{"count":1,"href":"https:\/\/alertasaltillo.com\/index.php\/wp-json\/wp\/v2\/posts\/15742\/revisions"}],"predecessor-version":[{"id":15744,"href":"https:\/\/alertasaltillo.com\/index.php\/wp-json\/wp\/v2\/posts\/15742\/revisions\/15744"}],"wp:featuredmedia":[{"embeddable":true,"href":"https:\/\/alertasaltillo.com\/index.php\/wp-json\/wp\/v2\/media\/15743"}],"wp:attachment":[{"href":"https:\/\/alertasaltillo.com\/index.php\/wp-json\/wp\/v2\/media?parent=15742"}],"wp:term":[{"taxonomy":"category","embeddable":true,"href":"https:\/\/alertasaltillo.com\/index.php\/wp-json\/wp\/v2\/categories?post=15742"},{"taxonomy":"post_tag","embeddable":true,"href":"https:\/\/alertasaltillo.com\/index.php\/wp-json\/wp\/v2\/tags?post=15742"}],"curies":[{"name":"wp","href":"https:\/\/api.w.org\/{rel}","templated":true}]}}