{"id":15715,"date":"2025-04-02T22:37:08","date_gmt":"2025-04-02T22:37:08","guid":{"rendered":"https:\/\/alertasaltillo.com\/?p=15715"},"modified":"2025-04-02T22:37:10","modified_gmt":"2025-04-02T22:37:10","slug":"estado-municipio-y-tec-de-monterrey-planean-distrito-centro-de-saltillo","status":"publish","type":"post","link":"https:\/\/alertasaltillo.com\/index.php\/2025\/04\/02\/estado-municipio-y-tec-de-monterrey-planean-distrito-centro-de-saltillo\/","title":{"rendered":"ESTADO, MUNICIPIO Y TEC DE MONTERREY PLANEAN DISTRITO CENTRO DE SALTILLO"},"content":{"rendered":"\n<p>Saltillo, Coahuila de Zaragoza; a 01 de abril de 2025.- El gobernador Manolo Jim\u00e9nez Salinas y el alcalde de Saltillo, Javier D\u00edaz Gonz\u00e1lez, se reunieron con autoridades del Tecnol\u00f3gico de Monterrey con el objetivo de intercambiar ideas y experiencias sobre el exitoso modelo del Distrito Tec,&nbsp;&nbsp;para que sirvan como referente para el proyecto de Distrito Centro de Saltillo.<\/p>\n\n\n\n<p>Durante la reuni\u00f3n, se abordaron estrategias para impulsar el desarrollo econ\u00f3mico, cultural y educativo de Saltillo, adoptando las mejores pr\u00e1cticas del Distrito Tec para fortalecer el tejido social y promover un entorno innovador y sustentable.<\/p>\n\n\n\n<p>El Gobernador destac\u00f3 la importancia de aprovechar el conocimiento acad\u00e9mico y empresarial del Tecnol\u00f3gico de Monterrey para detonar un ecosistema que integre educaci\u00f3n, tecnolog\u00eda y calidad de vida.<\/p>\n\n\n\n<p>\u00abMuy buena reuni\u00f3n con nuestro amigo Juan Pablo Murra, Rector del Tecnol\u00f3gico de Monterrey, orgullosamente coahuilense. Platicamos sobre los nuevos proyectos que est\u00e1n llevando en el pa\u00eds, como el modelo innovador del Distrito Tec, que nos servir\u00e1 como referente para, junto con Javier D\u00edaz, hacer un gran plan para el Centro de Saltillo. Muchas Gracias por la invitaci\u00f3n a mi alma mater de la que tengo grandes recuerdos de los mejores momentos de mi vida\u00bb, se\u00f1al\u00f3 Jim\u00e9nez Salinas.<\/p>\n\n\n\n<p>Por su parte, el Rector del Tecnol\u00f3gico de Monterrey subray\u00f3 el compromiso de la instituci\u00f3n por contribuir al crecimiento de Saltillo, compartiendo experiencias y soluciones que han posicionado al Distrito Tec como un modelo de transformaci\u00f3n urbana en M\u00e9xico.<\/p>\n\n\n\n<p>Con este acercamiento, el Gobierno del Estado de Coahuila, el Municipio de Saltillo y el Tecnol\u00f3gico de Monterrey refuerzan su alianza para consolidar el Distrito Centro de Saltillo como un polo de desarrollo integral y referente en innovaci\u00f3n urbana.<\/p>\n\n\n\n<p><\/p>\n","protected":false},"excerpt":{"rendered":"<p>Saltillo, Coahuila de Zaragoza; a 01 de abril de 2025.- El gobernador Manolo Jim\u00e9nez Salinas y el alcalde de Saltillo, Javier D\u00edaz Gonz\u00e1lez, se reunieron con autoridades del Tecnol\u00f3gico de Monterrey con el objetivo de intercambiar ideas y experiencias sobre el exitoso modelo del Distrito Tec,&nbsp;&nbsp;para que sirvan como referente para el proyecto de Distrito [&hellip;]<\/p>\n","protected":false},"author":4,"featured_media":15716,"comment_status":"open","ping_status":"open","sticky":false,"template":"","format":"standard","meta":[],"categories":[5],"tags":[],"_links":{"self":[{"href":"https:\/\/alertasaltillo.com\/index.php\/wp-json\/wp\/v2\/posts\/15715"}],"collection":[{"href":"https:\/\/alertasaltillo.com\/index.php\/wp-json\/wp\/v2\/posts"}],"about":[{"href":"https:\/\/alertasaltillo.com\/index.php\/wp-json\/wp\/v2\/types\/post"}],"author":[{"embeddable":true,"href":"https:\/\/alertasaltillo.com\/index.php\/wp-json\/wp\/v2\/users\/4"}],"replies":[{"embeddable":true,"href":"https:\/\/alertasaltillo.com\/index.php\/wp-json\/wp\/v2\/comments?post=15715"}],"version-history":[{"count":1,"href":"https:\/\/alertasaltillo.com\/index.php\/wp-json\/wp\/v2\/posts\/15715\/revisions"}],"predecessor-version":[{"id":15717,"href":"https:\/\/alertasaltillo.com\/index.php\/wp-json\/wp\/v2\/posts\/15715\/revisions\/15717"}],"wp:featuredmedia":[{"embeddable":true,"href":"https:\/\/alertasaltillo.com\/index.php\/wp-json\/wp\/v2\/media\/15716"}],"wp:attachment":[{"href":"https:\/\/alertasaltillo.com\/index.php\/wp-json\/wp\/v2\/media?parent=15715"}],"wp:term":[{"taxonomy":"category","embeddable":true,"href":"https:\/\/alertasaltillo.com\/index.php\/wp-json\/wp\/v2\/categories?post=15715"},{"taxonomy":"post_tag","embeddable":true,"href":"https:\/\/alertasaltillo.com\/index.php\/wp-json\/wp\/v2\/tags?post=15715"}],"curies":[{"name":"wp","href":"https:\/\/api.w.org\/{rel}","templated":true}]}}