{"id":15691,"date":"2025-04-02T22:06:12","date_gmt":"2025-04-02T22:06:12","guid":{"rendered":"https:\/\/alertasaltillo.com\/?p=15691"},"modified":"2025-04-02T22:06:14","modified_gmt":"2025-04-02T22:06:14","slug":"mejorara-javier-diaz-movilidad-en-el-centro-con-reparacion-de-registros-danados","status":"publish","type":"post","link":"https:\/\/alertasaltillo.com\/index.php\/2025\/04\/02\/mejorara-javier-diaz-movilidad-en-el-centro-con-reparacion-de-registros-danados\/","title":{"rendered":"MEJORAR\u00c1 JAVIER D\u00cdAZ MOVILIDAD EN EL CENTRO CON REPARACI\u00d3N DE REGISTROS DA\u00d1ADOS"},"content":{"rendered":"\n<p><\/p>\n\n\n\n<p><em>Trabajar\u00e1n de manera coordinada con Agsal, CFE y Telmex.<\/em><\/p>\n\n\n\n<p>Saltillo, Coahuila de Zaragoza; 31 de marzo de 2025.- Como parte del proyecto integral del Distrito Centro, el alcalde Javier D\u00edaz Gonz\u00e1lez organiz\u00f3 el programa de reparaci\u00f3n de registros da\u00f1ados con lo que se busca mejorar la movilidad de las y los saltillenses que caminan por el centro hist\u00f3rico.<\/p>\n\n\n\n<p>Para ello se trabajar\u00e1 de manera coordinada con Aguas de Saltillo, la Comisi\u00f3n Federal de Electricidad y Telmex, para intervenir en primera instancia las calles Victoria, Aldama y Manuel P\u00e9rez Trevi\u00f1o, en los tramos de Allende a Purcell.<\/p>\n\n\n\n<p>\u201cJuntos rehabilitaremos estos registros para que el peat\u00f3n pueda transitar con mayor seguridad, y sobre todo, que podamos poco a poco embellecer nuestro centro hist\u00f3rico con apoyo de nuestro gobernador Manolo Jim\u00e9nez Salinas\u201d, dijo.<\/p>\n\n\n\n<p>Javier D\u00edaz record\u00f3 que desde el inicio de su administraci\u00f3n, se denomin\u00f3 al centro hist\u00f3rico como Distrito Centro y desde entonces se han realizado diversas acciones para impulsarlo, como la adquisici\u00f3n de c\u00e1maras de seguridad, bicicletas el\u00e9ctricas para la polic\u00eda tur\u00edstica y preventiva, la conclusi\u00f3n de la calle General Cepeda y la rehabilitaci\u00f3n de fachadas en esta misma arteria, entre otras, y adem\u00e1s se impulsar\u00e1 el proyecto insignia en la Alameda Zaragoza.<\/p>\n\n\n\n<p>Antonio Nerio Maltos, director de Obras P\u00fablicas, inform\u00f3 que para el programa de reparaci\u00f3n de registros se aplicar\u00e1 una inversi\u00f3n de m\u00e1s de 4.5 millones de pesos.<\/p>\n\n\n\n<p>\u201cLos trabajos a ejecutar en esta etapa contemplan la demolici\u00f3n de piso de pasta y reposici\u00f3n del piso podot\u00e1ctil, la demolici\u00f3n de registros da\u00f1ados, as\u00ed como su renivelaci\u00f3n y sustituci\u00f3n de tapas da\u00f1adas\u201d, dijo.<\/p>\n\n\n\n<p>Roberto Rojas Oyervides, director de Distrito Centro, destac\u00f3 la importancia de este programa que beneficiar\u00e1 a las y los saltillenses y al comercio, as\u00ed como visitantes para una mejor movilidad y mayor seguridad.<\/p>\n\n\n\n<p>\u201cEl alcalde Javier D\u00edaz personalmente recorri\u00f3 las calles para conocer las necesidades y esta era una de ellas, tres diferentes calles de mucha afluencia peatonal\u201d, refiri\u00f3.<\/p>\n\n\n\n<p>Durante el evento cont\u00f3 con la presencia de Eduardo Morelos Jim\u00e9nez, regidor presidente de la Comisi\u00f3n de Planeaci\u00f3n, Urbanismo, Obras P\u00fablicas y Centro Hist\u00f3rico; Iv\u00e1n Jos\u00e9 Vicente Garc\u00eda, gerente general de Aguas de Saltillo; Jes\u00fas Alberto Flores Lavenant, gerente operativo de Telmex; Francisco Arnulfo C\u00e1rdenas Marines, gerente de Oficinas de Estudios de la Comisi\u00f3n Federal de Electricidad; y Diana Patricia Gonz\u00e1lez Soto, directora de la red de Museos de la Secretar\u00eda de Cultura en Coahuila.<\/p>\n","protected":false},"excerpt":{"rendered":"<p>Trabajar\u00e1n de manera coordinada con Agsal, CFE y Telmex. Saltillo, Coahuila de Zaragoza; 31 de marzo de 2025.- Como parte del proyecto integral del Distrito Centro, el alcalde Javier D\u00edaz Gonz\u00e1lez organiz\u00f3 el programa de reparaci\u00f3n de registros da\u00f1ados con lo que se busca mejorar la movilidad de las y los saltillenses que caminan por [&hellip;]<\/p>\n","protected":false},"author":4,"featured_media":15692,"comment_status":"open","ping_status":"open","sticky":false,"template":"","format":"standard","meta":[],"categories":[5],"tags":[],"_links":{"self":[{"href":"https:\/\/alertasaltillo.com\/index.php\/wp-json\/wp\/v2\/posts\/15691"}],"collection":[{"href":"https:\/\/alertasaltillo.com\/index.php\/wp-json\/wp\/v2\/posts"}],"about":[{"href":"https:\/\/alertasaltillo.com\/index.php\/wp-json\/wp\/v2\/types\/post"}],"author":[{"embeddable":true,"href":"https:\/\/alertasaltillo.com\/index.php\/wp-json\/wp\/v2\/users\/4"}],"replies":[{"embeddable":true,"href":"https:\/\/alertasaltillo.com\/index.php\/wp-json\/wp\/v2\/comments?post=15691"}],"version-history":[{"count":1,"href":"https:\/\/alertasaltillo.com\/index.php\/wp-json\/wp\/v2\/posts\/15691\/revisions"}],"predecessor-version":[{"id":15693,"href":"https:\/\/alertasaltillo.com\/index.php\/wp-json\/wp\/v2\/posts\/15691\/revisions\/15693"}],"wp:featuredmedia":[{"embeddable":true,"href":"https:\/\/alertasaltillo.com\/index.php\/wp-json\/wp\/v2\/media\/15692"}],"wp:attachment":[{"href":"https:\/\/alertasaltillo.com\/index.php\/wp-json\/wp\/v2\/media?parent=15691"}],"wp:term":[{"taxonomy":"category","embeddable":true,"href":"https:\/\/alertasaltillo.com\/index.php\/wp-json\/wp\/v2\/categories?post=15691"},{"taxonomy":"post_tag","embeddable":true,"href":"https:\/\/alertasaltillo.com\/index.php\/wp-json\/wp\/v2\/tags?post=15691"}],"curies":[{"name":"wp","href":"https:\/\/api.w.org\/{rel}","templated":true}]}}