{"id":15601,"date":"2025-03-28T20:19:54","date_gmt":"2025-03-28T20:19:54","guid":{"rendered":"https:\/\/alertasaltillo.com\/?p=15601"},"modified":"2025-03-28T20:19:56","modified_gmt":"2025-03-28T20:19:56","slug":"empodera-dif-saltillo-a-personas-con-discapacidad","status":"publish","type":"post","link":"https:\/\/alertasaltillo.com\/index.php\/2025\/03\/28\/empodera-dif-saltillo-a-personas-con-discapacidad\/","title":{"rendered":"\u00abEMPODERA\u00bb DIF SALTILLO A PERSONAS CON DISCAPACIDAD"},"content":{"rendered":"\n<p><em>Trabajan de manera coordinada con la Asociaci\u00f3n Civil Juntos, una Experiencia Compartida, y el Cl\u00faster de la Industria Automotriz de Coahuila.<\/em><\/p>\n\n\n\n<p>Saltillo, Coahuila de Zaragoza; 25 de marzo de 2025.- Gracias a un esfuerzo compartido entre sociedad y gobierno, 25 personas con discapacidad se graduaron del taller Empodera, en el que tuvieron la oportunidad de aprender y adquirir herramientas para incorporarse al mundo laboral.<\/p>\n\n\n\n<p>Esto fue posible, gracias al trabajo coordinado entre el DIF Saltillo; la Asociaci\u00f3n Civil Juntos, una Experiencia Compartida; y el Cl\u00faster de la Industria Automotriz de Coahuila.<\/p>\n\n\n\n<p>Luly L\u00f3pez Naranjo, presidenta honoraria del DIF Saltillo, mencion\u00f3 que, para ella y para el alcalde Javier D\u00edaz Gonz\u00e1lez, es prioridad impulsar a las personas con discapacidad para que puedan tener una mejor calidad de vida.<\/p>\n\n\n\n<p>\u00abSu inclusi\u00f3n laboral es de suma importancia para darles la oportunidad de trabajar en igualdad de condiciones con los dem\u00e1s. Esto implica que tengan acceso a empleos dignos\u00bb.<\/p>\n\n\n\n<p>Mencion\u00f3 que el taller Empodera brind\u00f3 herramientas a las y los participantes para ayudarlos a mejorar sus posibilidades de obtener un empleo y permanecer en \u00e9l, a trav\u00e9s del desarrollo de competencias y habilidades, as\u00ed como identificar sus fortalezas y \u00e1reas de oportunidad personales, familiares y sociales.<\/p>\n\n\n\n<p>Roberto C\u00e1rdenas Zavala, director general del DIF Saltillo, agradeci\u00f3 el apoyo de \u201cJuntos, una Experiencia Compartida\u201d, quienes eval\u00faan y validan los procesos de inclusi\u00f3n de personas con discapacidad.<\/p>\n\n\n\n<p>\u201cSu trabajo permite entregar a las empresas un documento con la descripci\u00f3n de intereses, habilidades, conocimientos y \u00e1reas de oportunidad de cada una de las y los participantes en el taller de Empodera\u201d, se\u00f1al\u00f3.<\/p>\n\n\n\n<p>Durante la graduaci\u00f3n asistieron presentes, Jos\u00e9 de Jes\u00fas S\u00e1nchez Pineda, director general de Juntos, una Experiencia Compartida AC; Aldo Hern\u00e1ndez Reyna, coordinador de Responsabilidad Empresarial de Juntos Una Experiencia de Vida, AC; y Dalia de la Paz, representante del Cl\u00faster de la Industria Automotriz de Coahuila.<\/p>\n\n\n\n<p>Al finalizar la graduaci\u00f3n se llev\u00f3 a cabo a cabo una Feria del Empleo para personas con discapacidad en la que participaron empresas como Lear, Borgwarner, Turck de M\u00e9xico, Samsung, Mabe, General Motors Ramos Arizpe, Walmart, Sam\u00b4s Club, Bodega Aurrera, Philips y Pepsico.<\/p>\n\n\n\n<p><\/p>\n","protected":false},"excerpt":{"rendered":"<p>Trabajan de manera coordinada con la Asociaci\u00f3n Civil Juntos, una Experiencia Compartida, y el Cl\u00faster de la Industria Automotriz de Coahuila. Saltillo, Coahuila de Zaragoza; 25 de marzo de 2025.- Gracias a un esfuerzo compartido entre sociedad y gobierno, 25 personas con discapacidad se graduaron del taller Empodera, en el que tuvieron la oportunidad de [&hellip;]<\/p>\n","protected":false},"author":4,"featured_media":15602,"comment_status":"open","ping_status":"open","sticky":false,"template":"","format":"standard","meta":[],"categories":[5],"tags":[],"_links":{"self":[{"href":"https:\/\/alertasaltillo.com\/index.php\/wp-json\/wp\/v2\/posts\/15601"}],"collection":[{"href":"https:\/\/alertasaltillo.com\/index.php\/wp-json\/wp\/v2\/posts"}],"about":[{"href":"https:\/\/alertasaltillo.com\/index.php\/wp-json\/wp\/v2\/types\/post"}],"author":[{"embeddable":true,"href":"https:\/\/alertasaltillo.com\/index.php\/wp-json\/wp\/v2\/users\/4"}],"replies":[{"embeddable":true,"href":"https:\/\/alertasaltillo.com\/index.php\/wp-json\/wp\/v2\/comments?post=15601"}],"version-history":[{"count":1,"href":"https:\/\/alertasaltillo.com\/index.php\/wp-json\/wp\/v2\/posts\/15601\/revisions"}],"predecessor-version":[{"id":15603,"href":"https:\/\/alertasaltillo.com\/index.php\/wp-json\/wp\/v2\/posts\/15601\/revisions\/15603"}],"wp:featuredmedia":[{"embeddable":true,"href":"https:\/\/alertasaltillo.com\/index.php\/wp-json\/wp\/v2\/media\/15602"}],"wp:attachment":[{"href":"https:\/\/alertasaltillo.com\/index.php\/wp-json\/wp\/v2\/media?parent=15601"}],"wp:term":[{"taxonomy":"category","embeddable":true,"href":"https:\/\/alertasaltillo.com\/index.php\/wp-json\/wp\/v2\/categories?post=15601"},{"taxonomy":"post_tag","embeddable":true,"href":"https:\/\/alertasaltillo.com\/index.php\/wp-json\/wp\/v2\/tags?post=15601"}],"curies":[{"name":"wp","href":"https:\/\/api.w.org\/{rel}","templated":true}]}}