{"id":15544,"date":"2025-03-24T18:16:44","date_gmt":"2025-03-24T18:16:44","guid":{"rendered":"https:\/\/alertasaltillo.com\/?p=15544"},"modified":"2025-03-24T18:16:47","modified_gmt":"2025-03-24T18:16:47","slug":"accidente-en-santiago-familia-llora-la-perdida-de-jesus-estudiante-de-la-ut-de-nuevo-laredo","status":"publish","type":"post","link":"https:\/\/alertasaltillo.com\/index.php\/2025\/03\/24\/accidente-en-santiago-familia-llora-la-perdida-de-jesus-estudiante-de-la-ut-de-nuevo-laredo\/","title":{"rendered":"ACCIDENTE EN SANTIAGO: FAMILIA LLORA LA P\u00c9RDIDA DE JES\u00daS, ESTUDIANTE DE LA UT DE NUEVO LAREDO"},"content":{"rendered":"\n<h2>El fatal suceso ocurri\u00f3 cuando la camioneta en la que viajaba la familia se desbarranc\u00f3 aproximadamente 100 metros, provocando un incendio inmediato que cobr\u00f3 la vida de doce integrantes<\/h2>\n\n\n\n<p><\/p>\n\n\n\n<p>Familiares se encuentran\u00a0de luto tras la tr\u00e1gica p\u00e9rdida de\u00a0<strong>Jes\u00fas Josu\u00e9 Mart\u00ednez Agustince, estudiante de la Universidad Tecnol\u00f3gica de Nuevo Laredo<\/strong>, quien falleci\u00f3 junto a once parientes\u00a0en un\u00a0<a href=\"https:\/\/elmanana.com.mx\/nacional\/2025\/3\/24\/estos-fueron-los-ultimos-momentos-de-la-familia-de-nuevo-laredo-que-murio-en-santiago-nuevo-leon-145698.html\" target=\"_blank\" rel=\"noreferrer noopener\">devastador accidente\u00a0<\/a>ocurrido\u00a0en la carretera a Cola de Caballo, Santiago, Nuevo Le\u00f3n.<\/p>\n\n\n\n<p>El fatal suceso ocurri\u00f3 cuando<strong>\u00a0la camioneta en la que viajaba la familia se desbarranc\u00f3 aproximadamente 100 metros<\/strong>, provocando un incendio inmediato que\u00a0<strong>cobr\u00f3 la vida de doce personas, incluyendo cuatro menores de edad<\/strong>, mientras que cuatro m\u00e1s resultaron gravemente heridas.<\/p>\n\n\n\n<p>Mientras tanto,<strong>&nbsp;las autoridades de Nuevo Le\u00f3n contin\u00faan investigando las causas exactas del accidente<\/strong>, como principal factor la falla de los frenos en la van donde iba la familia, las condiciones de la carretera y el estado de la unidad al momento del siniestro.<\/p>\n\n\n\n<p>Esta tragedia\u00a0<strong>ha conmocionado profundamente a toda la comunidad de Nuevo Laredo<\/strong>, donde Jes\u00fas Josu\u00e9 era conocido y querido por muchos.<strong>\u00a0Sus compa\u00f1eros de clase recuerdan con cari\u00f1o<\/strong>, mientras la universidad prepara los reconocimientos p\u00f3stumos para honrar la memoria de quien fuera uno de sus estudiantes.<\/p>\n\n\n\n<p>Con Informaci\u00f3n tomada de EL MA\u00d1ANA<\/p>\n","protected":false},"excerpt":{"rendered":"<p>El fatal suceso ocurri\u00f3 cuando la camioneta en la que viajaba la familia se desbarranc\u00f3 aproximadamente 100 metros, provocando un incendio inmediato que cobr\u00f3 la vida de doce integrantes Familiares se encuentran\u00a0de luto tras la tr\u00e1gica p\u00e9rdida de\u00a0Jes\u00fas Josu\u00e9 Mart\u00ednez Agustince, estudiante de la Universidad Tecnol\u00f3gica de Nuevo Laredo, quien falleci\u00f3 junto a once parientes\u00a0en [&hellip;]<\/p>\n","protected":false},"author":4,"featured_media":15545,"comment_status":"open","ping_status":"open","sticky":false,"template":"","format":"standard","meta":[],"categories":[185],"tags":[],"_links":{"self":[{"href":"https:\/\/alertasaltillo.com\/index.php\/wp-json\/wp\/v2\/posts\/15544"}],"collection":[{"href":"https:\/\/alertasaltillo.com\/index.php\/wp-json\/wp\/v2\/posts"}],"about":[{"href":"https:\/\/alertasaltillo.com\/index.php\/wp-json\/wp\/v2\/types\/post"}],"author":[{"embeddable":true,"href":"https:\/\/alertasaltillo.com\/index.php\/wp-json\/wp\/v2\/users\/4"}],"replies":[{"embeddable":true,"href":"https:\/\/alertasaltillo.com\/index.php\/wp-json\/wp\/v2\/comments?post=15544"}],"version-history":[{"count":1,"href":"https:\/\/alertasaltillo.com\/index.php\/wp-json\/wp\/v2\/posts\/15544\/revisions"}],"predecessor-version":[{"id":15546,"href":"https:\/\/alertasaltillo.com\/index.php\/wp-json\/wp\/v2\/posts\/15544\/revisions\/15546"}],"wp:featuredmedia":[{"embeddable":true,"href":"https:\/\/alertasaltillo.com\/index.php\/wp-json\/wp\/v2\/media\/15545"}],"wp:attachment":[{"href":"https:\/\/alertasaltillo.com\/index.php\/wp-json\/wp\/v2\/media?parent=15544"}],"wp:term":[{"taxonomy":"category","embeddable":true,"href":"https:\/\/alertasaltillo.com\/index.php\/wp-json\/wp\/v2\/categories?post=15544"},{"taxonomy":"post_tag","embeddable":true,"href":"https:\/\/alertasaltillo.com\/index.php\/wp-json\/wp\/v2\/tags?post=15544"}],"curies":[{"name":"wp","href":"https:\/\/api.w.org\/{rel}","templated":true}]}}