{"id":15538,"date":"2025-03-24T18:05:27","date_gmt":"2025-03-24T18:05:27","guid":{"rendered":"https:\/\/alertasaltillo.com\/?p=15538"},"modified":"2025-03-24T18:05:30","modified_gmt":"2025-03-24T18:05:30","slug":"avioneta-aterriza-de-emergencia-en-autopista-de-hidalgo","status":"publish","type":"post","link":"https:\/\/alertasaltillo.com\/index.php\/2025\/03\/24\/avioneta-aterriza-de-emergencia-en-autopista-de-hidalgo\/","title":{"rendered":"AVIONETA ATERRIZA DE EMERGENCIA EN AUTOPISTA DE HIDALGO"},"content":{"rendered":"\n<p>La ma\u00f1ana de este s\u00e1bado se registr\u00f3 una fuerte movilizaci\u00f3n de cuerpos de emergencia sobre la autopista&nbsp;<strong>Real del Monte-Huasca<\/strong>, en Hidalgo, luego de que una avioneta tipo Cessna realizara un aterrizaje forzoso debido a una falla en uno de los motores.<\/p>\n\n\n\n<p>Se dio a conocer que el incidente ocurri\u00f3 luego de que la aeronave, con&nbsp;<strong>matr\u00edcula N210YP,<\/strong>&nbsp;present\u00f3 una falla en los motores y comenz\u00f3 a soltar l\u00edquido, lo que oblig\u00f3 a su descenso en plena v\u00eda carretera.<\/p>\n\n\n\n<p>A pesar del impacto, no se reportaron da\u00f1os graves. Sin embargo, elementos de\u00a0<strong>Protecci\u00f3n Civil, Bomberos y la Polic\u00eda Estatal<\/strong>\u00a0aseguraron la zona para evitar riesgos.<\/p>\n\n\n\n<p>Asimismo, se inform\u00f3 que se iniciaron las investigaciones para determinar las causas exactas del percance.<\/p>\n\n\n\n<p>Este hecho se registr\u00f3 en un tramo carretero que ser\u00e1 inaugurado este fin de semana por la presidenta\u00a0<strong>Claudia Sheinbaum.<\/strong><\/p>\n\n\n\n<p>Con Informaci\u00f3n tomada de EL DIARIO DE COAHUILA<\/p>\n\n\n\n<p><\/p>\n","protected":false},"excerpt":{"rendered":"<p>La ma\u00f1ana de este s\u00e1bado se registr\u00f3 una fuerte movilizaci\u00f3n de cuerpos de emergencia sobre la autopista&nbsp;Real del Monte-Huasca, en Hidalgo, luego de que una avioneta tipo Cessna realizara un aterrizaje forzoso debido a una falla en uno de los motores. Se dio a conocer que el incidente ocurri\u00f3 luego de que la aeronave, con&nbsp;matr\u00edcula [&hellip;]<\/p>\n","protected":false},"author":4,"featured_media":15539,"comment_status":"open","ping_status":"open","sticky":false,"template":"","format":"standard","meta":[],"categories":[185],"tags":[],"_links":{"self":[{"href":"https:\/\/alertasaltillo.com\/index.php\/wp-json\/wp\/v2\/posts\/15538"}],"collection":[{"href":"https:\/\/alertasaltillo.com\/index.php\/wp-json\/wp\/v2\/posts"}],"about":[{"href":"https:\/\/alertasaltillo.com\/index.php\/wp-json\/wp\/v2\/types\/post"}],"author":[{"embeddable":true,"href":"https:\/\/alertasaltillo.com\/index.php\/wp-json\/wp\/v2\/users\/4"}],"replies":[{"embeddable":true,"href":"https:\/\/alertasaltillo.com\/index.php\/wp-json\/wp\/v2\/comments?post=15538"}],"version-history":[{"count":1,"href":"https:\/\/alertasaltillo.com\/index.php\/wp-json\/wp\/v2\/posts\/15538\/revisions"}],"predecessor-version":[{"id":15540,"href":"https:\/\/alertasaltillo.com\/index.php\/wp-json\/wp\/v2\/posts\/15538\/revisions\/15540"}],"wp:featuredmedia":[{"embeddable":true,"href":"https:\/\/alertasaltillo.com\/index.php\/wp-json\/wp\/v2\/media\/15539"}],"wp:attachment":[{"href":"https:\/\/alertasaltillo.com\/index.php\/wp-json\/wp\/v2\/media?parent=15538"}],"wp:term":[{"taxonomy":"category","embeddable":true,"href":"https:\/\/alertasaltillo.com\/index.php\/wp-json\/wp\/v2\/categories?post=15538"},{"taxonomy":"post_tag","embeddable":true,"href":"https:\/\/alertasaltillo.com\/index.php\/wp-json\/wp\/v2\/tags?post=15538"}],"curies":[{"name":"wp","href":"https:\/\/api.w.org\/{rel}","templated":true}]}}