{"id":15529,"date":"2025-03-24T17:53:06","date_gmt":"2025-03-24T17:53:06","guid":{"rendered":"https:\/\/alertasaltillo.com\/?p=15529"},"modified":"2025-03-24T17:53:09","modified_gmt":"2025-03-24T17:53:09","slug":"ultimos-dias-para-recibir-propuestas-para-el-cabildo-infantil-2025","status":"publish","type":"post","link":"https:\/\/alertasaltillo.com\/index.php\/2025\/03\/24\/ultimos-dias-para-recibir-propuestas-para-el-cabildo-infantil-2025\/","title":{"rendered":"\u00daLTIMOS D\u00cdAS PARA RECIBIR PROPUESTAS PARA EL CABILDO INFANTIL 2025"},"content":{"rendered":"\n<p><\/p>\n\n\n\n<p><em>Invitan a inscribirse; pueden participar ni\u00f1as y ni\u00f1os de cuarto, quinto y sexto de primaria<\/em><\/p>\n\n\n\n<p>Saltillo, Coahuila de Zaragoza; 23 de marzo de 2025.- El Gobierno Municipal, a trav\u00e9s del DIF Saltillo, inform\u00f3 que el viernes 28 de marzo es el \u00faltimo d\u00eda para recibir propuestas para formar parte del Cabildo Infantil en su edici\u00f3n 2025.<\/p>\n\n\n\n<p>Por ello, invit\u00f3 a la ni\u00f1ez saltillense que resida en el \u00e1rea urbana y rural y que se encuentren cursando el cuarto, quinto o sexto de primaria en escuelas p\u00fablicas o privadas, a participar en esta convocatoria.<\/p>\n\n\n\n<p>Las y los ni\u00f1os deber\u00e1n realizar una propuesta con base en las siguientes tem\u00e1ticas: manejo de emociones; inclusi\u00f3n; fomento de actividades recreativas y deportivas; y medio ambiente, cuidado animal y espacios urbanos.<\/p>\n\n\n\n<p>Tambi\u00e9n sobre creaci\u00f3n de fuentes de empleo para sociedad saltillense; seguridad en tu comunidad; acciones municipales enfocadas a la protecci\u00f3n y cuidado de la ni\u00f1ez; y educaci\u00f3n y tecnolog\u00eda.<\/p>\n\n\n\n<p>Las propuestas podr\u00e1n presentarse ya sea mediante un escrito libre en forma narrativa, con una extensi\u00f3n m\u00e1xima de 2 cuartillas, o bien, con un v\u00eddeo con una duraci\u00f3n m\u00e1xima de 2 minutos en formato MP4.<\/p>\n\n\n\n<p>En el caso de ser escrito libre podr\u00e1 ser entregado en el DIF Saltillo, en la Unidad Administrativa de Educaci\u00f3n en la Presidencia Municipal, o directamente con su profesora o profesor de clase.<\/p>\n\n\n\n<p>Si la propuesta es en video podr\u00e1 ser registrada y enviada a la p\u00e1gina oficial del Gobierno Municipal&nbsp;<a href=\"http:\/\/www.saltillo.gob.mx\/\" rel=\"noreferrer noopener\" target=\"_blank\">www.saltillo.gob.mx<\/a>&nbsp;o en el correo&nbsp;<a href=\"mailto:cabildoinfantilsaltillo2025@saltillo.gob.mx\" rel=\"noreferrer noopener\" target=\"_blank\">cabildoinfantilsaltillo2025@saltillo.gob.mx<\/a>&nbsp;.<\/p>\n\n\n\n<p>Las propuestas deber\u00e1n contener, en la hoja o p\u00e1gina adicional, los siguientes datos del participante: nombre completo, nombre y n\u00fameros telef\u00f3nicos de sus padres o tutores, domicilio completo, nombre completo de la escuela y turno al que pertenece, grado escolar que cursa, nombre del titular del grupo en que cursa y tem\u00e1tica a la que corresponde la propuesta.<\/p>\n\n\n\n<p>Los detalles de la convocatoria pueden ser consultados a trav\u00e9s de la p\u00e1gina oficial del Municipio&nbsp;<a href=\"http:\/\/www.saltillo.gob.mx\/\" rel=\"noreferrer noopener\" target=\"_blank\">www.saltillo.gob.mx<\/a>&nbsp;.<\/p>\n","protected":false},"excerpt":{"rendered":"<p>Invitan a inscribirse; pueden participar ni\u00f1as y ni\u00f1os de cuarto, quinto y sexto de primaria Saltillo, Coahuila de Zaragoza; 23 de marzo de 2025.- El Gobierno Municipal, a trav\u00e9s del DIF Saltillo, inform\u00f3 que el viernes 28 de marzo es el \u00faltimo d\u00eda para recibir propuestas para formar parte del Cabildo Infantil en su edici\u00f3n [&hellip;]<\/p>\n","protected":false},"author":4,"featured_media":15530,"comment_status":"open","ping_status":"open","sticky":false,"template":"","format":"standard","meta":[],"categories":[5],"tags":[],"_links":{"self":[{"href":"https:\/\/alertasaltillo.com\/index.php\/wp-json\/wp\/v2\/posts\/15529"}],"collection":[{"href":"https:\/\/alertasaltillo.com\/index.php\/wp-json\/wp\/v2\/posts"}],"about":[{"href":"https:\/\/alertasaltillo.com\/index.php\/wp-json\/wp\/v2\/types\/post"}],"author":[{"embeddable":true,"href":"https:\/\/alertasaltillo.com\/index.php\/wp-json\/wp\/v2\/users\/4"}],"replies":[{"embeddable":true,"href":"https:\/\/alertasaltillo.com\/index.php\/wp-json\/wp\/v2\/comments?post=15529"}],"version-history":[{"count":1,"href":"https:\/\/alertasaltillo.com\/index.php\/wp-json\/wp\/v2\/posts\/15529\/revisions"}],"predecessor-version":[{"id":15531,"href":"https:\/\/alertasaltillo.com\/index.php\/wp-json\/wp\/v2\/posts\/15529\/revisions\/15531"}],"wp:featuredmedia":[{"embeddable":true,"href":"https:\/\/alertasaltillo.com\/index.php\/wp-json\/wp\/v2\/media\/15530"}],"wp:attachment":[{"href":"https:\/\/alertasaltillo.com\/index.php\/wp-json\/wp\/v2\/media?parent=15529"}],"wp:term":[{"taxonomy":"category","embeddable":true,"href":"https:\/\/alertasaltillo.com\/index.php\/wp-json\/wp\/v2\/categories?post=15529"},{"taxonomy":"post_tag","embeddable":true,"href":"https:\/\/alertasaltillo.com\/index.php\/wp-json\/wp\/v2\/tags?post=15529"}],"curies":[{"name":"wp","href":"https:\/\/api.w.org\/{rel}","templated":true}]}}