{"id":15517,"date":"2025-03-24T17:35:25","date_gmt":"2025-03-24T17:35:25","guid":{"rendered":"https:\/\/alertasaltillo.com\/?p=15517"},"modified":"2025-03-24T17:35:28","modified_gmt":"2025-03-24T17:35:28","slug":"participa-ayuntamiento-de-saltillo-en-la-hora-del-planeta","status":"publish","type":"post","link":"https:\/\/alertasaltillo.com\/index.php\/2025\/03\/24\/participa-ayuntamiento-de-saltillo-en-la-hora-del-planeta\/","title":{"rendered":"PARTICIPA AYUNTAMIENTO DE SALTILLO EN LA HORA DEL PLANETA"},"content":{"rendered":"\n<p><\/p>\n\n\n\n<p><em>Apagan edificios municipales todas sus luces<\/em><\/p>\n\n\n\n<p>Saltillo, Coahuila de Zaragoza; 22 de marzo de 2025.- El Gobierno Municipal se reuni\u00f3 este s\u00e1bado a la Hora del Planeta, como parte de la iniciativa global que busca concientizar sobre el cambio clim\u00e1tico.<\/p>\n\n\n\n<p>En este sentido, los principales edificios que albergan al Ayuntamiento apagaron por completo sus luces en horario de 8:30 a 9:30 de la noche.<\/p>\n\n\n\n<p>\u201cEn esta administraci\u00f3n impulsaremos acciones que promuevan el desarrollo sostenible, la protecci\u00f3n del medio ambiente y la eficiencia energ\u00e9tica, adem\u00e1s de sumarnos a iniciativas como esta\u201d, dijo el presidente municipal Javier D\u00edaz Gonz\u00e1lez.<\/p>\n\n\n\n<p>Emmanuel Olache Vald\u00e9s, director de Medio Ambiente y Espacios Urbanos, mencion\u00f3 que apagaron sus luces la Presidencia Municipal, las instalaciones de la Unidad Administrativa, el DIF Saltillo, el Parque Mirador, entre otras.<\/p>\n\n\n\n<p>Edificios como Salud P\u00fablica Municipal y de la Comisar\u00eda de Seguridad y Protecci\u00f3n Ciudadana, debido a la naturaleza de sus funciones, operaron de manera normal.<\/p>\n","protected":false},"excerpt":{"rendered":"<p>Apagan edificios municipales todas sus luces Saltillo, Coahuila de Zaragoza; 22 de marzo de 2025.- El Gobierno Municipal se reuni\u00f3 este s\u00e1bado a la Hora del Planeta, como parte de la iniciativa global que busca concientizar sobre el cambio clim\u00e1tico. En este sentido, los principales edificios que albergan al Ayuntamiento apagaron por completo sus luces [&hellip;]<\/p>\n","protected":false},"author":4,"featured_media":15518,"comment_status":"open","ping_status":"open","sticky":false,"template":"","format":"standard","meta":[],"categories":[5],"tags":[],"_links":{"self":[{"href":"https:\/\/alertasaltillo.com\/index.php\/wp-json\/wp\/v2\/posts\/15517"}],"collection":[{"href":"https:\/\/alertasaltillo.com\/index.php\/wp-json\/wp\/v2\/posts"}],"about":[{"href":"https:\/\/alertasaltillo.com\/index.php\/wp-json\/wp\/v2\/types\/post"}],"author":[{"embeddable":true,"href":"https:\/\/alertasaltillo.com\/index.php\/wp-json\/wp\/v2\/users\/4"}],"replies":[{"embeddable":true,"href":"https:\/\/alertasaltillo.com\/index.php\/wp-json\/wp\/v2\/comments?post=15517"}],"version-history":[{"count":1,"href":"https:\/\/alertasaltillo.com\/index.php\/wp-json\/wp\/v2\/posts\/15517\/revisions"}],"predecessor-version":[{"id":15519,"href":"https:\/\/alertasaltillo.com\/index.php\/wp-json\/wp\/v2\/posts\/15517\/revisions\/15519"}],"wp:featuredmedia":[{"embeddable":true,"href":"https:\/\/alertasaltillo.com\/index.php\/wp-json\/wp\/v2\/media\/15518"}],"wp:attachment":[{"href":"https:\/\/alertasaltillo.com\/index.php\/wp-json\/wp\/v2\/media?parent=15517"}],"wp:term":[{"taxonomy":"category","embeddable":true,"href":"https:\/\/alertasaltillo.com\/index.php\/wp-json\/wp\/v2\/categories?post=15517"},{"taxonomy":"post_tag","embeddable":true,"href":"https:\/\/alertasaltillo.com\/index.php\/wp-json\/wp\/v2\/tags?post=15517"}],"curies":[{"name":"wp","href":"https:\/\/api.w.org\/{rel}","templated":true}]}}