{"id":15499,"date":"2025-03-24T15:16:25","date_gmt":"2025-03-24T15:16:25","guid":{"rendered":"https:\/\/alertasaltillo.com\/?p=15499"},"modified":"2025-03-24T15:16:27","modified_gmt":"2025-03-24T15:16:27","slug":"roban-a-abuelito-las-redes-hacen-su-magia-y-al-ser-reconocidos-se-arrepienten","status":"publish","type":"post","link":"https:\/\/alertasaltillo.com\/index.php\/2025\/03\/24\/roban-a-abuelito-las-redes-hacen-su-magia-y-al-ser-reconocidos-se-arrepienten\/","title":{"rendered":"ROBAN A ABUELITO, LAS REDES HACEN SU MAGIA  Y AL SER RECONOCIDOS SE ARREPIENTEN"},"content":{"rendered":"\n<p><\/p>\n\n\n\n<h2>El violento asalto a un adulto mayor en Le\u00f3n provoc\u00f3 indignaci\u00f3n y un debate sobre el perd\u00f3n, tras los mensajes de arrepentimiento de los agresores<\/h2>\n\n\n\n<p>La noche del pasado mi\u00e9rcoles, un adulto mayor fue v\u00edctima de un violento asalto sobre el bulevar Torres Landa, en Le\u00f3n, Guanajuato. El hombre, identificado \u00fanicamente como \u00abel abuelito\u00bb, fue agredido por tres sujetos quienes le quitaron su bicicleta y celular. El asalto, registrado en video por c\u00e1maras de seguridad, se difundi\u00f3 r\u00e1pidamente en redes sociales, causando indignaci\u00f3n entre los usuarios.<\/p>\n\n\n\n<p>La presi\u00f3n social permiti\u00f3 que los delincuentes fueran identificados en pocas horas como Braulio, Tuny y Piol\u00edn. Tras viralizarse las im\u00e1genes, uno de los implicados, conocido en redes sociales como \u00abPiol\u00edn\u00bb, decidi\u00f3 publicar un mensaje para pedir perd\u00f3n p\u00fablicamente:<\/p>\n\n\n\n<p>\u00abSolo quiero aclararles una cosa, yo soy el Piol\u00edn y quiero llegar a un acuerdo para devolverle sus cosas al se\u00f1or. Mi familia no tiene nada que ver en esto, ellos trabajan honradamente y no se meten con nadie. Me voy a internar en un grupo de rehabilitaci\u00f3n, pero quiero quedar en acuerdo con el se\u00f1or, devolverle sus cosas y darle algo m\u00e1s de dinero. Por favor dejen de estar difamando cosas de mi esposa y su familia porque ellos no tienen nada que ver\u00bb.<\/p>\n\n\n\n<p>De igual forma, Iv\u00e1n Amezcuita, tambi\u00e9n implicado, expres\u00f3:<\/p>\n\n\n\n<p>\u00abQuiero que le hagan llegar esto al se\u00f1or para devolverle sus cosas y llegar a un acuerdo. Yo me internar\u00e9 en un centro de rehabilitaci\u00f3n, pero quiero devolverle sus cosas y mi hermano no tiene nada que ver, el otro es el Semillas\u00bb.<\/p>\n\n\n\n<p>Con Informaci\u00f3n tomada de EXC\u00c9LSIOR<\/p>\n","protected":false},"excerpt":{"rendered":"<p>El violento asalto a un adulto mayor en Le\u00f3n provoc\u00f3 indignaci\u00f3n y un debate sobre el perd\u00f3n, tras los mensajes de arrepentimiento de los agresores La noche del pasado mi\u00e9rcoles, un adulto mayor fue v\u00edctima de un violento asalto sobre el bulevar Torres Landa, en Le\u00f3n, Guanajuato. El hombre, identificado \u00fanicamente como \u00abel abuelito\u00bb, fue [&hellip;]<\/p>\n","protected":false},"author":4,"featured_media":15500,"comment_status":"open","ping_status":"open","sticky":false,"template":"","format":"standard","meta":[],"categories":[8],"tags":[],"_links":{"self":[{"href":"https:\/\/alertasaltillo.com\/index.php\/wp-json\/wp\/v2\/posts\/15499"}],"collection":[{"href":"https:\/\/alertasaltillo.com\/index.php\/wp-json\/wp\/v2\/posts"}],"about":[{"href":"https:\/\/alertasaltillo.com\/index.php\/wp-json\/wp\/v2\/types\/post"}],"author":[{"embeddable":true,"href":"https:\/\/alertasaltillo.com\/index.php\/wp-json\/wp\/v2\/users\/4"}],"replies":[{"embeddable":true,"href":"https:\/\/alertasaltillo.com\/index.php\/wp-json\/wp\/v2\/comments?post=15499"}],"version-history":[{"count":1,"href":"https:\/\/alertasaltillo.com\/index.php\/wp-json\/wp\/v2\/posts\/15499\/revisions"}],"predecessor-version":[{"id":15501,"href":"https:\/\/alertasaltillo.com\/index.php\/wp-json\/wp\/v2\/posts\/15499\/revisions\/15501"}],"wp:featuredmedia":[{"embeddable":true,"href":"https:\/\/alertasaltillo.com\/index.php\/wp-json\/wp\/v2\/media\/15500"}],"wp:attachment":[{"href":"https:\/\/alertasaltillo.com\/index.php\/wp-json\/wp\/v2\/media?parent=15499"}],"wp:term":[{"taxonomy":"category","embeddable":true,"href":"https:\/\/alertasaltillo.com\/index.php\/wp-json\/wp\/v2\/categories?post=15499"},{"taxonomy":"post_tag","embeddable":true,"href":"https:\/\/alertasaltillo.com\/index.php\/wp-json\/wp\/v2\/tags?post=15499"}],"curies":[{"name":"wp","href":"https:\/\/api.w.org\/{rel}","templated":true}]}}