{"id":15485,"date":"2025-03-24T14:53:29","date_gmt":"2025-03-24T14:53:29","guid":{"rendered":"https:\/\/alertasaltillo.com\/?p=15485"},"modified":"2025-03-24T14:55:59","modified_gmt":"2025-03-24T14:55:59","slug":"arranza-manolo-y-javier-activa-tu-parque-en-saltillo","status":"publish","type":"post","link":"https:\/\/alertasaltillo.com\/index.php\/2025\/03\/24\/arranza-manolo-y-javier-activa-tu-parque-en-saltillo\/","title":{"rendered":"ARRANCA MANOLO Y JAVIER \u00abACTIVA TU PARQUE\u00bb EN SALTILLO"},"content":{"rendered":"\n<p><\/p>\n\n\n\n<p>Saltillo, Coahuila de Zaragoza; a 21 de marzo de 2025.- \u00abYo siempre he dicho que la f\u00f3rmula m\u00e1gica para desarrollar los mejores proyectos es el trabajo en equipo entre la sociedad civil organizada, los ciudadanos, los empresarios y el gobierno\u00bb, mencion\u00f3 el gobernador Manolo Jim\u00e9nez Salinas al acompa\u00f1ar al alcalde de Saltillo, Javier D\u00edaz Gonz\u00e1lez, en el arranque del programa \u00abActiva tu Parque: Recuperaci\u00f3n de Espacios P\u00fablicos\u00bb.<\/p>\n\n\n\n<p>\u00abCerramos la semana con todo junto al alcalde Javier D\u00edaz impulsando \u00abActiva tu Parque\u00bb, una estrategia transversal para recuperar y revitalizar los espacios p\u00fablicos en Saltillo. Queremos que nuestra gente tenga lugares seguros, accesibles e inclusivos para disfrutar y convivir en familia\u00bb, destac\u00f3.<\/p>\n\n\n\n<p>Manolo Jim\u00e9nez se\u00f1al\u00f3 que programas como este vienen a mejorar la calidad de vida de la gente, y que una de las mejores cosas que podemos hacer es dignificar el interior de nuestras colonias.<\/p>\n\n\n\n<p>Mencion\u00f3 que con este proyecto, a trav\u00e9s del cual se intervendr\u00e1n 40 plazas p\u00fablicas de la capital del estado en equipo con la iniciativa privada y organizaciones de la sociedad civil organizada, millas de ni\u00f1as, ni\u00f1os, j\u00f3venes y adolescentes tendr\u00e1n mejores espacios para su diversi\u00f3n y esparcimiento, para su recreaci\u00f3n, para hacer deporte.<\/p>\n\n\n\n<p>\u00abEsa alianza con el empresariado es fundamental para impactar positivamente en nuestra comunidad\u00bb, coment\u00f3, y felicit\u00f3 a las y los empresarios que se involucrar\u00e1n en este programa.<\/p>\n\n\n\n<p>Jim\u00e9nez Salinas mencion\u00f3 que al igual que este tipo de programas, su administraci\u00f3n trabaja en otros proyectos igual de importantes para la ciudad y para la regi\u00f3n sureste, como la ampliaci\u00f3n del bulevar Nazario Ortiz Garza, obra que mejorar\u00e1 la conectividad y el tr\u00e1fico de todos quienes se dirigen al norte de Saltillo o a Ramos Arizpe.<\/p>\n\n\n\n<p>Adem\u00e1s, destac\u00f3 que otra obra que se est\u00e1 ejecutando al sur de la ciudad es la ampliaci\u00f3n de la carretera a Derramadero, la cual ser\u00e1 pr\u00e1cticamente un bulevar una vez que est\u00e9 finalizada.<\/p>\n\n\n\n<p>En esta obra, record\u00f3, se est\u00e1n invirtiendo alrededor de 400 millones de pesos, y ayudar\u00e1 para que 18 mil personas que trabajan en el valle de Derramadero, pasen m\u00e1s tiempo con su familia y menos tiempo en el tr\u00e1fico.<\/p>\n\n\n\n<p>\u00abOtro tema tambi\u00e9n importante en el que estamos trabajando con Javier D\u00edaz es el de la seguridad\u00bb, expres\u00f3 Manolo Jim\u00e9nez.<\/p>\n\n\n\n<p>En ese sentido, mencion\u00f3 que se est\u00e1 invirtiendo en cuarteles con el Ej\u00e9rcito, con la Marina, con la Polic\u00eda Estatal en puntos estrat\u00e9gicos de todo el estado, porque, dijo, en el tema de seguridad no se puede bajar la guardia.<\/p>\n\n\n\n<p>\u00abTenemos que aprovechar la paz y la tranquilidad con la que vivimos para seguir blindando nuestro Estado\u00bb, puntualiz\u00f3.<\/p>\n\n\n\n<p>Manolo Jim\u00e9nez felicit\u00f3 por este gran proyecto a Javier D\u00edaz ya todo el equipo de la presidencia municipal.<\/p>\n\n\n\n<p>El alcalde de Saltillo mencion\u00f3 que el programa \u00abActiva tu Parque: Recuperaci\u00f3n de Espacios P\u00fablicos\u00bb es un programa estrat\u00e9gico que las y los saltillenses pidieron durante su campa\u00f1a.<\/p>\n\n\n\n<p>A\u00f1adi\u00f3 que mediante este programa, adem\u00e1s de que se rehabilitar\u00e1n las plazas y parques p\u00fablicos, se busca que estos espacios tengan vida con actividades deportivas, recteativas y culturales.<\/p>\n\n\n\n<p>Inform\u00f3 que el proyecto de &#8216;Activa Tu Parque&#8217; son cuarenta plazas y parques que est\u00e1n estrat\u00e9gicamente ubicados en diferentes puntos de la ciudad, para que puedan abarcar la mayor cantidad de poblaci\u00f3n.<\/p>\n\n\n\n<p>\u00abAgradezco a quienes son part\u00edcipes de este Consejo Ciudadano que en conjunto, entre todas y todos, vamos a poder fortalecer y hacer que este programa sea un programa insignia de la administraci\u00f3n municipal, de la mano con nuestro amigo el gobernador Manolo Jim\u00e9nez, con quien sigue haciendo equipo en todo\u00bb, indic\u00f3.<\/p>\n\n\n\n<p>Se inform\u00f3 que para dar seguimiento y evaluaci\u00f3n a las emprendidas, as\u00ed como para fomentar la creaci\u00f3n de alianzas con todos los sectores, se conform\u00f3 el Consejo Ciudadano \u00ab\u00a1Activa Tu Parque!\u00bb, integrado por dependencias municipales, representantes de organismos empresariales, universidades y vecinos de las colonias.<\/p>\n\n\n\n<p>A nombre de los beneficiarios, X\u00f3chitl Coronado M\u00e9ndez expres\u00f3 que un parque activo es un parque seguro, y se comprometi\u00f3, en equipo con las y los vecinos y con las empresas, a cuidar de estos espacios.<\/p>\n\n\n\n<p>En este evento acompa\u00f1aron al gobernador, adem\u00e1s, Luly L\u00f3pez Naranjo, presidenta honoraria del DIF Saltillo; Jeric\u00f3 Abramo Masso, diputado federal; Luz Elena Morales N\u00fa\u00f1ez, diputada presidenta de la Junta de Gobierno del Congreso local; Amal Esper Serur, regidora presidenta de la Comisi\u00f3n de Medio Ambiente y Desarrollo Sustentable; C\u00e9sar Iv\u00e1n Moreno Aguirre, jefe de Gabinete y Proyectos Estrat\u00e9gicos; Alberto Glyndwr Salinas de las Fuentes, director general del IMPLAN.<\/p>\n","protected":false},"excerpt":{"rendered":"<p>Saltillo, Coahuila de Zaragoza; a 21 de marzo de 2025.- \u00abYo siempre he dicho que la f\u00f3rmula m\u00e1gica para desarrollar los mejores proyectos es el trabajo en equipo entre la sociedad civil organizada, los ciudadanos, los empresarios y el gobierno\u00bb, mencion\u00f3 el gobernador Manolo Jim\u00e9nez Salinas al acompa\u00f1ar al alcalde de Saltillo, Javier D\u00edaz Gonz\u00e1lez, [&hellip;]<\/p>\n","protected":false},"author":4,"featured_media":15486,"comment_status":"open","ping_status":"open","sticky":false,"template":"","format":"standard","meta":[],"categories":[5],"tags":[],"_links":{"self":[{"href":"https:\/\/alertasaltillo.com\/index.php\/wp-json\/wp\/v2\/posts\/15485"}],"collection":[{"href":"https:\/\/alertasaltillo.com\/index.php\/wp-json\/wp\/v2\/posts"}],"about":[{"href":"https:\/\/alertasaltillo.com\/index.php\/wp-json\/wp\/v2\/types\/post"}],"author":[{"embeddable":true,"href":"https:\/\/alertasaltillo.com\/index.php\/wp-json\/wp\/v2\/users\/4"}],"replies":[{"embeddable":true,"href":"https:\/\/alertasaltillo.com\/index.php\/wp-json\/wp\/v2\/comments?post=15485"}],"version-history":[{"count":2,"href":"https:\/\/alertasaltillo.com\/index.php\/wp-json\/wp\/v2\/posts\/15485\/revisions"}],"predecessor-version":[{"id":15489,"href":"https:\/\/alertasaltillo.com\/index.php\/wp-json\/wp\/v2\/posts\/15485\/revisions\/15489"}],"wp:featuredmedia":[{"embeddable":true,"href":"https:\/\/alertasaltillo.com\/index.php\/wp-json\/wp\/v2\/media\/15486"}],"wp:attachment":[{"href":"https:\/\/alertasaltillo.com\/index.php\/wp-json\/wp\/v2\/media?parent=15485"}],"wp:term":[{"taxonomy":"category","embeddable":true,"href":"https:\/\/alertasaltillo.com\/index.php\/wp-json\/wp\/v2\/categories?post=15485"},{"taxonomy":"post_tag","embeddable":true,"href":"https:\/\/alertasaltillo.com\/index.php\/wp-json\/wp\/v2\/tags?post=15485"}],"curies":[{"name":"wp","href":"https:\/\/api.w.org\/{rel}","templated":true}]}}