{"id":15479,"date":"2025-03-24T14:40:59","date_gmt":"2025-03-24T14:40:59","guid":{"rendered":"https:\/\/alertasaltillo.com\/?p=15479"},"modified":"2025-03-24T14:41:02","modified_gmt":"2025-03-24T14:41:02","slug":"arranca-manolo-y-javier-programa-activa-tu-parque","status":"publish","type":"post","link":"https:\/\/alertasaltillo.com\/index.php\/2025\/03\/24\/arranca-manolo-y-javier-programa-activa-tu-parque\/","title":{"rendered":"ARRANCA MANOLO Y JAVIER PROGRAMA \u00abACTIVA TU PARQUE\u00bb"},"content":{"rendered":"\n<p><em>Se invertir\u00e1n alrededor de 180 millones de pesos para transformar 40 parques de todos los sectores de la ciudad, en los que se brindar\u00e1n actividades culturales y deportivas.<\/em><\/p>\n\n\n\n<p><em>Este programa es una suma de voluntades y recursos entre gobierno, iniciativa privada, universidades y sociedad civil.<\/em><\/p>\n\n\n\n<p>Saltillo, Coahuila de Zaragoza; 21 de marzo de 2025.- El gobernador del Estado, Manolo Jim\u00e9nez Salinas y el alcalde de Saltillo, Javier D\u00edaz Gonz\u00e1lez, pusieron en marcha, en la colonia Saltillo 2000, el programa \u201cActiva tu Parque\u201d, en el que se invertir\u00e1n, en equipo con empresas socialmente responsables, universidades y sociedad civil, alrededor de 180 millones de pesos para transformar 40 espacios p\u00fablicos.<\/p>\n\n\n\n<p>En equipo con la iniciativa privada, este programa llegar\u00e1 a todos los sectores de la ciudad, para transformar la infraestructura de espacios p\u00fablicos y dotarlos de vida, con la participaci\u00f3n de promotores deportivos y culturales. Con ello se beneficiar\u00e1 a m\u00e1s de 430 mil personas.<\/p>\n\n\n\n<p>Javier D\u00edaz Gonz\u00e1lez afirm\u00f3 que se trata de un programa insignia de la actual administraci\u00f3n municipal, que ser\u00e1 clave para la transformaci\u00f3n urbana y social de la capital de Coahuila.<\/p>\n\n\n\n<p>\u00abEste programa naci\u00f3 de ustedes, de las necesidades y aspiraciones que escuchamos en cada colonia. Activa tu Parque es nuestra respuesta. Queremos que cada parque se convierta en el coraz\u00f3n de la vida, verdaderos motores de cultura, deporte y recreaci\u00f3n\u00bb, afirm\u00f3 el Alcalde.<\/p>\n\n\n\n<p>El gobernador del Estado, Manolo Jim\u00e9nez Salinas, reconoci\u00f3 el intenso trabajo que ha realizado el alcalde Javier D\u00edaz Gonz\u00e1lez durante sus primeros 80 d\u00edas de administraci\u00f3n, dijo que esa labor se refleja en la calidad de vida de la ciudadan\u00eda.<\/p>\n\n\n\n<p>Como parte de este proyecto Jim\u00e9nez Salinas, tom\u00f3 protesta al Consejo Ciudadano \u201cActiva tu Parque\u201d, que est\u00e1 integrado por funcionarios municipales, ciudadanos, representantes de la iniciativa privada y de universidades, organismo que se encargar\u00e1 de dar seguimiento a las acciones que se realizan.<\/p>\n\n\n\n<p>\u00abUna de las mejores cosas que podemos hacer como gobierno es dignificar nuestros espacios p\u00fablicos porque con esto se mejora la calidad de vida de nuestra gente. Aqu\u00ed no solo se van a rehabilitar estos lugares, sino que se va a trabajar para que tengan vida\u00bb, apunt\u00f3 el gobernador Manolo Jim\u00e9nez.<\/p>\n\n\n\n<p>El director del Instituto Municipal de Planeaci\u00f3n, Alberto Salinas de las Fuentes, detall\u00f3 que en Activa tu Parque, por parte de la administraci\u00f3n local, participar\u00e1n 10 dependencias bajo la coordinaci\u00f3n del Implan Saltillo.<\/p>\n\n\n\n<p>Dijo que la iniciativa privada colabora en este esquema aportando paquetes conformados por mobiliario diverso que pueden ser utilizados en las plazas, cuentos como bancas y juegos infantiles; mientras que las universidades en coordinaci\u00f3n con el Gobierno Municipal ofrecer\u00e1n actividades culturales y deportivas.<\/p>\n\n\n\n<p>Adem\u00e1s, la administraci\u00f3n municipal, con el apoyo de las y los vecinos beneficiarios, se encargar\u00e1 de mantener en buenas condiciones las \u00e1reas rehabilitadas para que puedan ser disfrutadas por las familias.<\/p>\n\n\n\n<p>\u201cEl compromiso de la administraci\u00f3n que encabeza el alcalde Javier D\u00edaz Gonz\u00e1lez es mantener a Saltillo como una ciudad competitiva, din\u00e1mica, segura e inclusiva, esto se lograr\u00e1 gracias al trabajo unido y Activa tu Parque es un ejemplo de esto\u201d, declar\u00f3 el Director del Implan.<\/p>\n\n\n\n<p>A su vez, Salinas de las Fuentes indic\u00f3 que los sectores en los que opera este programa ser\u00e1n beneficiados con el aumento en la plusval\u00eda de sus viviendas.<\/p>\n\n\n\n<p>A nombre de las vecinas y vecinos de la colonia Saltillo 2000, X\u00f3chitl Coronado M\u00e9ndez, agradeci\u00f3 al gobernador Manolo Jim\u00e9nez Salinas y al alcalde Javier D\u00edaz Gonz\u00e1lez por atender el \u00e1rea p\u00fablica de este sector que se ubica en el bulevar Museo del Desierto.<\/p>\n\n\n\n<p>\u201cUn parque o una plaza p\u00fablica es mucho m\u00e1s que solo bancas o jardines, sino que es el coraz\u00f3n de la comunidad, es el espacio en el que conviven nuestros hijos, por eso es muy importante que est\u00e9 en buen estado\u201d, apunt\u00f3 Coronado M\u00e9ndez.<\/p>\n\n\n\n<p>En el arranque de \u201cActiva tu Parque\u201d tambi\u00e9n estuvo la diputada presidenta de la Junta de Gobierno del Congreso de Coahuila, Luz Elena Morales N\u00fa\u00f1ez; la Presidenta Honoraria del DIF Saltillo, Luly L\u00f3pez Naranjo; el diputado federal, Jeric\u00f3 Abramo Masso, el jefe de Gabinete y Proyectos Estrat\u00e9gicos del municipio, C\u00e9sar Iv\u00e1n Moreno Aguirre; la regidora presidenta de la Comisi\u00f3n de Medio Ambiente y Desarrollo Sustentable, Amal Esper Serur.<\/p>\n\n\n\n<p>Adem\u00e1s, de representantes de la iniciativa privada, universidades, integrantes del Cabildo, titulares de dependencias municipales, as\u00ed como vecinas y vecinos de la colonia Saltillo 2000.<\/p>\n","protected":false},"excerpt":{"rendered":"<p>Se invertir\u00e1n alrededor de 180 millones de pesos para transformar 40 parques de todos los sectores de la ciudad, en los que se brindar\u00e1n actividades culturales y deportivas. Este programa es una suma de voluntades y recursos entre gobierno, iniciativa privada, universidades y sociedad civil. Saltillo, Coahuila de Zaragoza; 21 de marzo de 2025.- El [&hellip;]<\/p>\n","protected":false},"author":4,"featured_media":15480,"comment_status":"open","ping_status":"open","sticky":false,"template":"","format":"standard","meta":[],"categories":[5],"tags":[],"_links":{"self":[{"href":"https:\/\/alertasaltillo.com\/index.php\/wp-json\/wp\/v2\/posts\/15479"}],"collection":[{"href":"https:\/\/alertasaltillo.com\/index.php\/wp-json\/wp\/v2\/posts"}],"about":[{"href":"https:\/\/alertasaltillo.com\/index.php\/wp-json\/wp\/v2\/types\/post"}],"author":[{"embeddable":true,"href":"https:\/\/alertasaltillo.com\/index.php\/wp-json\/wp\/v2\/users\/4"}],"replies":[{"embeddable":true,"href":"https:\/\/alertasaltillo.com\/index.php\/wp-json\/wp\/v2\/comments?post=15479"}],"version-history":[{"count":1,"href":"https:\/\/alertasaltillo.com\/index.php\/wp-json\/wp\/v2\/posts\/15479\/revisions"}],"predecessor-version":[{"id":15481,"href":"https:\/\/alertasaltillo.com\/index.php\/wp-json\/wp\/v2\/posts\/15479\/revisions\/15481"}],"wp:featuredmedia":[{"embeddable":true,"href":"https:\/\/alertasaltillo.com\/index.php\/wp-json\/wp\/v2\/media\/15480"}],"wp:attachment":[{"href":"https:\/\/alertasaltillo.com\/index.php\/wp-json\/wp\/v2\/media?parent=15479"}],"wp:term":[{"taxonomy":"category","embeddable":true,"href":"https:\/\/alertasaltillo.com\/index.php\/wp-json\/wp\/v2\/categories?post=15479"},{"taxonomy":"post_tag","embeddable":true,"href":"https:\/\/alertasaltillo.com\/index.php\/wp-json\/wp\/v2\/tags?post=15479"}],"curies":[{"name":"wp","href":"https:\/\/api.w.org\/{rel}","templated":true}]}}