{"id":15476,"date":"2025-03-24T14:39:01","date_gmt":"2025-03-24T14:39:01","guid":{"rendered":"https:\/\/alertasaltillo.com\/?p=15476"},"modified":"2025-03-24T14:39:05","modified_gmt":"2025-03-24T14:39:05","slug":"periodista-le-da-un-microfonazo-a-trump-asi-reacciono-el-presidente-de-ee-uu","status":"publish","type":"post","link":"https:\/\/alertasaltillo.com\/index.php\/2025\/03\/24\/periodista-le-da-un-microfonazo-a-trump-asi-reacciono-el-presidente-de-ee-uu\/","title":{"rendered":"PERIODISTA LE DA UN \u00abMICROFONAZO\u00bb A TRUMP, AS\u00cd REACCION\u00d3 EL PRESIDENTE DE EE.UU."},"content":{"rendered":"\n<p>El presidente de\u00a0<a href=\"https:\/\/www.unotv.com\/estados-unidos\/ee-uu-acusa-de-narcotrafico-a-miguel-y-omar-trevino-el-z-40-y-z-42-se-declaran-no-culpables\/\" target=\"_blank\" rel=\"noreferrer noopener\">Estados Unidos<\/a>,\u00a0<strong>Donald Trump<\/strong>, protagoniz\u00f3 un momento inesperado cuando un periodista, de manera accidental, golpe\u00f3 su rostro con un\u00a0<strong>micr\u00f3fono<\/strong>\u00a0mientras caminaba hacia el\u00a0<strong>Air Force One<\/strong>.<\/p>\n\n\n\n<p>El hecho ocurri\u00f3 el viernes por la noche, luego de que Trump ofreciera una conferencia de prensa en el\u00a0<strong>Departamento de Justicia<\/strong>. Al salir del recinto, se dirigi\u00f3 a la pista de la\u00a0<strong>Base Conjunta Andrews<\/strong>, donde lo esperaba un grupo de\u00a0<strong>reporteros<\/strong>.<\/p>\n\n\n\n<p>Mientras respond\u00eda preguntas, un\u00a0<strong>periodista<\/strong>\u00a0acerc\u00f3 su\u00a0<strong>micr\u00f3fono<\/strong>\u00a0y, sin intenci\u00f3n, lo empuj\u00f3 contra el rostro del mandatario.<\/p>\n\n\n\n<p>Trump levant\u00f3 las cejas y mir\u00f3 al periodista tras el golpe. Minutos despu\u00e9s, cuando otro\u00a0<strong>reportero<\/strong>\u00a0le pregunt\u00f3 sobre la situaci\u00f3n en\u00a0<strong>Gaza<\/strong>, el mandatario desvi\u00f3 el tema y respondi\u00f3:<\/p>\n\n\n\n<p>El episodio qued\u00f3 registrado en video y se difundi\u00f3 en redes sociales. Hasta el momento, la identidad del periodista no ha sido revelada.<\/p>\n\n\n\n<p>Con Informaci\u00f3n tomada de UNOTV.COM<\/p>\n","protected":false},"excerpt":{"rendered":"<p>El presidente de\u00a0Estados Unidos,\u00a0Donald Trump, protagoniz\u00f3 un momento inesperado cuando un periodista, de manera accidental, golpe\u00f3 su rostro con un\u00a0micr\u00f3fono\u00a0mientras caminaba hacia el\u00a0Air Force One. El hecho ocurri\u00f3 el viernes por la noche, luego de que Trump ofreciera una conferencia de prensa en el\u00a0Departamento de Justicia. Al salir del recinto, se dirigi\u00f3 a la pista [&hellip;]<\/p>\n","protected":false},"author":4,"featured_media":15477,"comment_status":"open","ping_status":"open","sticky":false,"template":"","format":"standard","meta":[],"categories":[8],"tags":[],"_links":{"self":[{"href":"https:\/\/alertasaltillo.com\/index.php\/wp-json\/wp\/v2\/posts\/15476"}],"collection":[{"href":"https:\/\/alertasaltillo.com\/index.php\/wp-json\/wp\/v2\/posts"}],"about":[{"href":"https:\/\/alertasaltillo.com\/index.php\/wp-json\/wp\/v2\/types\/post"}],"author":[{"embeddable":true,"href":"https:\/\/alertasaltillo.com\/index.php\/wp-json\/wp\/v2\/users\/4"}],"replies":[{"embeddable":true,"href":"https:\/\/alertasaltillo.com\/index.php\/wp-json\/wp\/v2\/comments?post=15476"}],"version-history":[{"count":1,"href":"https:\/\/alertasaltillo.com\/index.php\/wp-json\/wp\/v2\/posts\/15476\/revisions"}],"predecessor-version":[{"id":15478,"href":"https:\/\/alertasaltillo.com\/index.php\/wp-json\/wp\/v2\/posts\/15476\/revisions\/15478"}],"wp:featuredmedia":[{"embeddable":true,"href":"https:\/\/alertasaltillo.com\/index.php\/wp-json\/wp\/v2\/media\/15477"}],"wp:attachment":[{"href":"https:\/\/alertasaltillo.com\/index.php\/wp-json\/wp\/v2\/media?parent=15476"}],"wp:term":[{"taxonomy":"category","embeddable":true,"href":"https:\/\/alertasaltillo.com\/index.php\/wp-json\/wp\/v2\/categories?post=15476"},{"taxonomy":"post_tag","embeddable":true,"href":"https:\/\/alertasaltillo.com\/index.php\/wp-json\/wp\/v2\/tags?post=15476"}],"curies":[{"name":"wp","href":"https:\/\/api.w.org\/{rel}","templated":true}]}}