{"id":15469,"date":"2025-03-21T15:32:28","date_gmt":"2025-03-21T15:32:28","guid":{"rendered":"https:\/\/alertasaltillo.com\/?p=15469"},"modified":"2025-03-21T15:32:58","modified_gmt":"2025-03-21T15:32:58","slug":"hacen-sinergia-cabildos-dde-la-region-sureste","status":"publish","type":"post","link":"https:\/\/alertasaltillo.com\/index.php\/2025\/03\/21\/hacen-sinergia-cabildos-dde-la-region-sureste\/","title":{"rendered":"HACEN SINERGIA CABILDOS DE LA REGI\u00d3N SURESTE"},"content":{"rendered":"\n<p><\/p>\n\n\n\n<p><em>Sostienen reuni\u00f3n de trabajo integrantes de Saltillo, Ramos Arizpe, Arteaga y General Cepeda<\/em><\/p>\n\n\n\n<p>Saltillo, Coahuila de Zaragoza; 20 de marzo de 2025.- A fin de trabajar de manera coordinada para el beneficio de las y los ciudadanos, se llev\u00f3 a cabo una reuni\u00f3n de trabajo entre primeros regidores y s\u00edndicos de Saltillo, Ramos Arizpe, Arteaga y General Cepeda.<\/p>\n\n\n\n<p>De esta manera, se busca compartir experiencias exitosas en cada uno de los municipios de la regi\u00f3n sureste.<\/p>\n\n\n\n<p>Mario Mata Quintero, primer regidor en el Cabildo de Saltillo, dio la bienvenida a los mun\u00edcipes en la sede de la Presidencia Municipal y destac\u00f3 la importancia de hacer sinergia.<\/p>\n\n\n\n<p>\u201cLa idea es tener comunicaci\u00f3n permanente, hacer equipo, coordinar esfuerzos y cuando sea factible, homologar acciones que puedan servir a cada uno de nuestros municipios\u201d, dijo.<\/p>\n\n\n\n<p>Durante la reuni\u00f3n se analizaron temas como movilidad, transporte, seguridad, medio ambiente, inversiones y turismo, entre otros.<\/p>\n\n\n\n<p>Marimar Arroyo Peart, s\u00edndica del Cabildo de Saltillo, reiter\u00f3 el compromiso de la actual administraci\u00f3n para sumar e impulsar pol\u00edticas p\u00fablicas de manera coordinada.<\/p>\n\n\n\n<p>Del Cabildo de Ramos Arizpe estuvieron presentes Ignacio Mart\u00ednez, primer regidor; Claudia Reyes, s\u00edndica de mayor\u00eda; y Dulce P\u00e9rez, sexta regidora. De Arteaga asistieron Laura Vald\u00e9s, primera regidora; y Jorge Jim\u00e9nez s\u00edndico de mayor\u00eda.<\/p>\n\n\n\n<p>Por parte del Cabildo de General Cepeda asistieron Silvia Almaguer, primera regidora; y Andr\u00e9s Villarreal, s\u00edndico.<\/p>\n","protected":false},"excerpt":{"rendered":"<p>Sostienen reuni\u00f3n de trabajo integrantes de Saltillo, Ramos Arizpe, Arteaga y General Cepeda Saltillo, Coahuila de Zaragoza; 20 de marzo de 2025.- A fin de trabajar de manera coordinada para el beneficio de las y los ciudadanos, se llev\u00f3 a cabo una reuni\u00f3n de trabajo entre primeros regidores y s\u00edndicos de Saltillo, Ramos Arizpe, Arteaga [&hellip;]<\/p>\n","protected":false},"author":4,"featured_media":15470,"comment_status":"open","ping_status":"open","sticky":false,"template":"","format":"standard","meta":[],"categories":[5],"tags":[],"_links":{"self":[{"href":"https:\/\/alertasaltillo.com\/index.php\/wp-json\/wp\/v2\/posts\/15469"}],"collection":[{"href":"https:\/\/alertasaltillo.com\/index.php\/wp-json\/wp\/v2\/posts"}],"about":[{"href":"https:\/\/alertasaltillo.com\/index.php\/wp-json\/wp\/v2\/types\/post"}],"author":[{"embeddable":true,"href":"https:\/\/alertasaltillo.com\/index.php\/wp-json\/wp\/v2\/users\/4"}],"replies":[{"embeddable":true,"href":"https:\/\/alertasaltillo.com\/index.php\/wp-json\/wp\/v2\/comments?post=15469"}],"version-history":[{"count":2,"href":"https:\/\/alertasaltillo.com\/index.php\/wp-json\/wp\/v2\/posts\/15469\/revisions"}],"predecessor-version":[{"id":15472,"href":"https:\/\/alertasaltillo.com\/index.php\/wp-json\/wp\/v2\/posts\/15469\/revisions\/15472"}],"wp:featuredmedia":[{"embeddable":true,"href":"https:\/\/alertasaltillo.com\/index.php\/wp-json\/wp\/v2\/media\/15470"}],"wp:attachment":[{"href":"https:\/\/alertasaltillo.com\/index.php\/wp-json\/wp\/v2\/media?parent=15469"}],"wp:term":[{"taxonomy":"category","embeddable":true,"href":"https:\/\/alertasaltillo.com\/index.php\/wp-json\/wp\/v2\/categories?post=15469"},{"taxonomy":"post_tag","embeddable":true,"href":"https:\/\/alertasaltillo.com\/index.php\/wp-json\/wp\/v2\/tags?post=15469"}],"curies":[{"name":"wp","href":"https:\/\/api.w.org\/{rel}","templated":true}]}}