{"id":15463,"date":"2025-03-21T15:28:07","date_gmt":"2025-03-21T15:28:07","guid":{"rendered":"https:\/\/alertasaltillo.com\/?p=15463"},"modified":"2025-03-21T15:28:09","modified_gmt":"2025-03-21T15:28:09","slug":"aqui-andamos-con-todo-atendiendo-las-plazas-javier-diaz","status":"publish","type":"post","link":"https:\/\/alertasaltillo.com\/index.php\/2025\/03\/21\/aqui-andamos-con-todo-atendiendo-las-plazas-javier-diaz\/","title":{"rendered":"&#8216;AQU\u00cd ANDAMOS&#8217; CON TODO, ATENDIENDO LAS PLAZAS: JAVIER D\u00cdAZ"},"content":{"rendered":"\n<p><\/p>\n\n\n\n<p><em>Realiza Alcalde supervisi\u00f3n de las brigadas de limpieza y mantenimiento<\/em><\/p>\n\n\n\n<p>Saltillo, Coahuila de Zaragoza; 20 de marzo de 2025.- El alcalde de Saltillo, Javier D\u00edaz Gonz\u00e1lez, dio a conocer que en lo que va de su administraci\u00f3n, con el programa \u201cAqu\u00ed Andamos\u201d se han atendido 378 plazas p\u00fablicas y \u00e1reas verdes con acciones de limpieza y mantenimiento.<\/p>\n\n\n\n<p>\u201cNuestra prioridad es brindar a las y los saltillenses espacios dignos y en buen estado para que puedan realizar actividades de recreaci\u00f3n y esparcimiento, e impulsar el tejido social\u201d, refiri\u00f3.<\/p>\n\n\n\n<p>Este esfuerzo, subray\u00f3, est\u00e1 enfocado en mejorar la calidad de vida de las familias e impulsar la cultura y el deporte.<\/p>\n\n\n\n<p>En ese marco, D\u00edaz Gonz\u00e1lez anticip\u00f3 que este viernes, junto al Gobernador Manolo Jim\u00e9nez Salinas, dar\u00e1 arranque al gran programa de rehabilitaci\u00f3n de 40 espacios p\u00fablicos, que contar\u00e1n, adem\u00e1s de nueva infraestructura, con el trabajo de promotores deportivos y culturales.<\/p>\n\n\n\n<p>\u00abMa\u00f1ana arrancamos el resultado de la suma de esfuerzos entre Gobierno del Estado, Municipio, empresas socialmente responsables y sociedad civil organizada para revitalizar nuestros espacios p\u00fablicos\u00bb destac\u00f3.<\/p>\n\n\n\n<p>El Presidente Municipal visit\u00f3 la plaza p\u00fablica ubicada en la calle Sexta, entre Calle 30 y Calle 7 de la colonia Valle Escondido, donde una brigada de la Direcci\u00f3n de Medio Ambiente y Espacios Urbanos realiz\u00f3 trabajos de mejoramiento en este punto.<\/p>\n\n\n\n<p>En una superficie de 765 metros cuadrados se realizaron labores de deshierbe, limpieza, rastrilleo, arriates, podas, reforestaci\u00f3n, barrido manual, recolecci\u00f3n de maleza, as\u00ed como escombro.<\/p>\n\n\n\n<p>Se incluyeron tambi\u00e9n arreglo y pintura en juegos infantiles y bancas, y pintura en la barda perimetral de una cancha de b\u00e1squetbol.<\/p>\n\n\n\n<p>\u201cAs\u00ed como en Valle Escondido, seguiremos atendiendo nuestras plazas y espacios p\u00fablicos en el norte, sur, oriente, poniente y centro de Saltillo, para el beneficio directo de las y los saltillenses\u201d, se\u00f1al\u00f3 Javier D\u00edaz.<\/p>\n\n\n\n<p>Durante la supervisi\u00f3n de la brigada de \u201cAqu\u00ed Andamos\u201d estuvo presente,&nbsp;Emmanuel Olache Vald\u00e9s, director de Medio Ambiente y Espacios Urbanos, personal de las brigadas municipales, as\u00ed como vecinos del lugar.<\/p>\n\n\n\n<p>El alcalde Javier D\u00edaz record\u00f3 a la ciudadan\u00eda hacer uso del Asistente Virtual, al n\u00famero 844-160-08-08 para reportar alg\u00fan servicio p\u00fablico en la ciudad.<\/p>\n","protected":false},"excerpt":{"rendered":"<p>Realiza Alcalde supervisi\u00f3n de las brigadas de limpieza y mantenimiento Saltillo, Coahuila de Zaragoza; 20 de marzo de 2025.- El alcalde de Saltillo, Javier D\u00edaz Gonz\u00e1lez, dio a conocer que en lo que va de su administraci\u00f3n, con el programa \u201cAqu\u00ed Andamos\u201d se han atendido 378 plazas p\u00fablicas y \u00e1reas verdes con acciones de limpieza [&hellip;]<\/p>\n","protected":false},"author":4,"featured_media":15464,"comment_status":"open","ping_status":"open","sticky":false,"template":"","format":"standard","meta":[],"categories":[5],"tags":[],"_links":{"self":[{"href":"https:\/\/alertasaltillo.com\/index.php\/wp-json\/wp\/v2\/posts\/15463"}],"collection":[{"href":"https:\/\/alertasaltillo.com\/index.php\/wp-json\/wp\/v2\/posts"}],"about":[{"href":"https:\/\/alertasaltillo.com\/index.php\/wp-json\/wp\/v2\/types\/post"}],"author":[{"embeddable":true,"href":"https:\/\/alertasaltillo.com\/index.php\/wp-json\/wp\/v2\/users\/4"}],"replies":[{"embeddable":true,"href":"https:\/\/alertasaltillo.com\/index.php\/wp-json\/wp\/v2\/comments?post=15463"}],"version-history":[{"count":1,"href":"https:\/\/alertasaltillo.com\/index.php\/wp-json\/wp\/v2\/posts\/15463\/revisions"}],"predecessor-version":[{"id":15465,"href":"https:\/\/alertasaltillo.com\/index.php\/wp-json\/wp\/v2\/posts\/15463\/revisions\/15465"}],"wp:featuredmedia":[{"embeddable":true,"href":"https:\/\/alertasaltillo.com\/index.php\/wp-json\/wp\/v2\/media\/15464"}],"wp:attachment":[{"href":"https:\/\/alertasaltillo.com\/index.php\/wp-json\/wp\/v2\/media?parent=15463"}],"wp:term":[{"taxonomy":"category","embeddable":true,"href":"https:\/\/alertasaltillo.com\/index.php\/wp-json\/wp\/v2\/categories?post=15463"},{"taxonomy":"post_tag","embeddable":true,"href":"https:\/\/alertasaltillo.com\/index.php\/wp-json\/wp\/v2\/tags?post=15463"}],"curies":[{"name":"wp","href":"https:\/\/api.w.org\/{rel}","templated":true}]}}