{"id":15433,"date":"2025-03-20T22:08:41","date_gmt":"2025-03-20T22:08:41","guid":{"rendered":"https:\/\/alertasaltillo.com\/?p=15433"},"modified":"2025-03-20T22:08:44","modified_gmt":"2025-03-20T22:08:44","slug":"pondra-javier-diaz-orden-a-transporte-de-personal-en-saltillo","status":"publish","type":"post","link":"https:\/\/alertasaltillo.com\/index.php\/2025\/03\/20\/pondra-javier-diaz-orden-a-transporte-de-personal-en-saltillo\/","title":{"rendered":"PONDR\u00c1 JAVIER D\u00cdAZ ORDEN A TRANSPORTE DE PERSONAL EN  SALTILLO"},"content":{"rendered":"\n<p><em>Se implementar\u00e1n una serie de medidas y se aplicar\u00e1n sanciones a quienes incumplan el reglamento de tr\u00e1nsito.<\/em><\/p>\n\n\n\n<p>Saltillo, Coahuila de Zaragoza; 19 de marzo de 2025.- \u201cNo vamos a permitir que el transporte de personal siga provocando un caos en nuestras vialidades\u201d, afirm\u00f3 el alcalde de Saltillo, Javier D\u00edaz Gonz\u00e1lez, a trav\u00e9s de una publicaci\u00f3n que comparti\u00f3 en sus redes sociales. \u201cVamos a poner orden\u201d asever\u00f3.<\/p>\n\n\n\n<p>D\u00edaz Gonz\u00e1lez apunt\u00f3 que en su gobierno se implementan para mejorar la movilidad, y que para esto, es importante que todas las acciones y todos respetemos los reglamentos viales, incluyendo estas unidades que diariamente trasladan a las y los trabajadores a sus actividades.<\/p>\n\n\n\n<p>Si bien, D\u00edaz Gonz\u00e1lez reconoci\u00f3 la importancia que presta este servicio a la vida econ\u00f3mica de la ciudad, adem\u00e1s de que estas unidades permiten que existan menos veh\u00edculos compactos circulando en las calles, tambi\u00e9n indic\u00f3 que las maniobras que realizan los operadores de este tipo de unidades no solo infringen, en muchas ocasiones, los reglamentos de tr\u00e1nsito, sino que tambi\u00e9n afectan la convivencia de este servicio con las y los ciudadanos.<\/p>\n\n\n\n<p>\u201cTodos los d\u00edas me llegan much\u00edsimas quejas de los choferes alonchones, que son los que interfieren en las filas de tr\u00e1fico para luego darle paso hasta a diez o veinte unidades, lo que es una falta de respeto y de civilidad que no vamos a tolerar\u201d advirti\u00f3.<\/p>\n\n\n\n<p>\u00abSe trata de respetar, primero que nada, a las familias saltillenses; seguir las reglas de tr\u00e1nsito establecidas. Si todos respetamos la ley, no habr\u00e1 necesidad de sanciones\u00bb, a\u00f1adi\u00f3 el alcalde.<\/p>\n\n\n\n<p>D\u00edaz Gonz\u00e1lez se\u00f1al\u00f3 que este tema lo est\u00e1 abordando el Instituto Municipal de Movilidad Urbana Sostenible, IMMUS, en coordinaci\u00f3n con la Comisar\u00eda de Seguridad y Protecci\u00f3n Ciudadana y adelant\u00f3 que se aplicar\u00e1n sanciones a quienes desacaten el reglamento de tr\u00e1nsito vigente.<\/p>\n\n\n\n<p>El director del IMMUS, V\u00edctor de la Rosa Molina, dio a conocer que, en primera instancia, y con el apoyo de la subdirecci\u00f3n de Tr\u00e1nsito Municipal, se aplicar\u00e1n las sanciones establecidas en el reglamento a aquellos choferes de transporte de personal que incumplan las normas viales.<\/p>\n\n\n\n<p>Agrega que en caso de reincidencia la sanci\u00f3n ir\u00e1 sobre la unidad, no obstante, si persiste el incumplimiento de las disposiciones, las implicaciones ir\u00e1n directamente sobre la empresa de transporte.<\/p>\n\n\n\n<p>Se dio a conocer que las autoridades municipales, entre ellas el Comisionado de Seguridad y Protecci\u00f3n Ciudadana, Miguel \u00c1ngel Garza F\u00e9lix sostuvo una reuni\u00f3n con representantes de diferentes empresas de transporte de personal a fin de abordar este tema y establecer algunos acuerdos.<\/p>\n\n\n\n<p>Las autoridades municipales exhortaron a conductores de autos particulares, del transporte p\u00fablico y de transporte personal para que acaten las disposiciones viales, ya que los reordenamientos viales son en beneficio de todos.<\/p>\n\n\n\n<p><\/p>\n","protected":false},"excerpt":{"rendered":"<p>Se implementar\u00e1n una serie de medidas y se aplicar\u00e1n sanciones a quienes incumplan el reglamento de tr\u00e1nsito. Saltillo, Coahuila de Zaragoza; 19 de marzo de 2025.- \u201cNo vamos a permitir que el transporte de personal siga provocando un caos en nuestras vialidades\u201d, afirm\u00f3 el alcalde de Saltillo, Javier D\u00edaz Gonz\u00e1lez, a trav\u00e9s de una publicaci\u00f3n [&hellip;]<\/p>\n","protected":false},"author":4,"featured_media":15434,"comment_status":"open","ping_status":"open","sticky":false,"template":"","format":"standard","meta":[],"categories":[5],"tags":[],"_links":{"self":[{"href":"https:\/\/alertasaltillo.com\/index.php\/wp-json\/wp\/v2\/posts\/15433"}],"collection":[{"href":"https:\/\/alertasaltillo.com\/index.php\/wp-json\/wp\/v2\/posts"}],"about":[{"href":"https:\/\/alertasaltillo.com\/index.php\/wp-json\/wp\/v2\/types\/post"}],"author":[{"embeddable":true,"href":"https:\/\/alertasaltillo.com\/index.php\/wp-json\/wp\/v2\/users\/4"}],"replies":[{"embeddable":true,"href":"https:\/\/alertasaltillo.com\/index.php\/wp-json\/wp\/v2\/comments?post=15433"}],"version-history":[{"count":1,"href":"https:\/\/alertasaltillo.com\/index.php\/wp-json\/wp\/v2\/posts\/15433\/revisions"}],"predecessor-version":[{"id":15435,"href":"https:\/\/alertasaltillo.com\/index.php\/wp-json\/wp\/v2\/posts\/15433\/revisions\/15435"}],"wp:featuredmedia":[{"embeddable":true,"href":"https:\/\/alertasaltillo.com\/index.php\/wp-json\/wp\/v2\/media\/15434"}],"wp:attachment":[{"href":"https:\/\/alertasaltillo.com\/index.php\/wp-json\/wp\/v2\/media?parent=15433"}],"wp:term":[{"taxonomy":"category","embeddable":true,"href":"https:\/\/alertasaltillo.com\/index.php\/wp-json\/wp\/v2\/categories?post=15433"},{"taxonomy":"post_tag","embeddable":true,"href":"https:\/\/alertasaltillo.com\/index.php\/wp-json\/wp\/v2\/tags?post=15433"}],"curies":[{"name":"wp","href":"https:\/\/api.w.org\/{rel}","templated":true}]}}