{"id":15412,"date":"2025-03-20T21:31:13","date_gmt":"2025-03-20T21:31:13","guid":{"rendered":"https:\/\/alertasaltillo.com\/?p=15412"},"modified":"2025-03-20T21:31:15","modified_gmt":"2025-03-20T21:31:15","slug":"recomendaciones-ante-la-presencia-de-vientos-del-norte-y-acumulacion-de-polvo-en-el-aire","status":"publish","type":"post","link":"https:\/\/alertasaltillo.com\/index.php\/2025\/03\/20\/recomendaciones-ante-la-presencia-de-vientos-del-norte-y-acumulacion-de-polvo-en-el-aire\/","title":{"rendered":"RECOMENDACIONES ANTE LA PRESENCIA DE VIENTOS DEL NORTE Y ACUMULACI\u00d3N DE POLVO EN EL AIRE"},"content":{"rendered":"\n<p>Saltillo, Coahuila de Zaragoza; a 19 de marzo del 2025.- Ante la acumulaci\u00f3n de polvo en el ambiente debido a los vientos provenientes del norte, fen\u00f3meno que ha afectado la calidad del aire en diversas \u00e1reas del estado, la Secretar\u00eda de Medio Ambiente de Coahuila y la Secretar\u00eda de Gobierno, a trav\u00e9s de la Subsecretar\u00eda de Protecci\u00f3n Civil, recomiendan a la poblaci\u00f3n extremar precauciones.<\/p>\n\n\n\n<p>Se dio a conocer que a partir de las 13:00 horas, los niveles de PM10 (part\u00edculas suspendidas de mayor tama\u00f1o) comenzaron a empeorar, con calidad del aire catalogada como mala. A esa hora, los niveles de PM2.5 (part\u00edculas finas) se presentan dentro de rangos buenos. Sin embargo, para las 14:00 horas, la calidad del aire se deterior\u00f3 a\u00fan m\u00e1s, alcanzando niveles extremadamente malos para PM10 y muy malos para PM2.5.<\/p>\n\n\n\n<p>Por su parte, la Subsecretar\u00eda de Protecci\u00f3n Civil del Estado, informa que, para el transcurso de esta tarde se mantiene la presencia de vientos con direcci\u00f3n noroeste de 30 a 40 km\/h con rachas de 60 a 80 km\/h con formaci\u00f3n de tolvaneras en Coahuila.<\/p>\n\n\n\n<p>Recomendaciones para la poblaci\u00f3n:<\/p>\n\n\n\n<p><img decoding=\"async\" alt=\"\u2714\ufe0f\" src=\"https:\/\/fonts.gstatic.com\/s\/e\/notoemoji\/16.0\/2714_fe0f\/32.png\">Evitar&nbsp;realizar actividades f\u00edsicas al aire libre.<\/p>\n\n\n\n<p><img decoding=\"async\" alt=\"\u2714\ufe0f\" src=\"https:\/\/fonts.gstatic.com\/s\/e\/notoemoji\/16.0\/2714_fe0f\/32.png\">&nbsp;Mantener puertas y ventanas cerradas.<\/p>\n\n\n\n<p><img decoding=\"async\" alt=\"\u2714\ufe0f\" src=\"https:\/\/fonts.gstatic.com\/s\/e\/notoemoji\/16.0\/2714_fe0f\/32.png\">&nbsp;Usar cubrebocas en exteriores, especialmente personas con enfermedades respiratorias o card\u00edacas.<\/p>\n\n\n\n<p><img decoding=\"async\" alt=\"\u2714\ufe0f\" src=\"https:\/\/fonts.gstatic.com\/s\/e\/notoemoji\/16.0\/2714_fe0f\/32.png\">Mantenerse&nbsp;hidratado y evitar exposici\u00f3n prolongada al aire libre.<\/p>\n\n\n\n<p><img decoding=\"async\" alt=\"\u2714\ufe0f\" src=\"https:\/\/fonts.gstatic.com\/s\/e\/notoemoji\/16.0\/2714_fe0f\/32.png\">&nbsp;Acudir al m\u00e9dico en caso de presentar s\u00edntomas como dificultad para respirar, tos persistente, irritaci\u00f3n en ojos o garganta.<\/p>\n\n\n\n<p>Se recomienda a la poblaci\u00f3n estar atenta a los informes oficiales sobre la calidad del aire y tomar precauciones para proteger su salud.<\/p>\n\n\n\n<p>De igual manera, extremar cuidados en grupos vulnerables:<\/p>\n\n\n\n<p>\u2022 Ni\u00f1as, ni\u00f1os y personas adultas mayores y con enfermedades respiratorias o cardiovasculares deben evitar salir al exterior.<\/p>\n\n\n\n<p>Santiago Barrios Rosillo, Subsecretario de Gesti\u00f3n Ambiental de la Secretar\u00eda del Medio Ambiente, dio a conocer que es fundamental que la poblaci\u00f3n tome las medidas necesarias para evitar complicaciones en su salud durante eventos como este.<\/p>\n\n\n\n<p>\u00abRecomendamos permanecer en casa y seguir las indicaciones de los profesionales de la salud si se experimentan molestias.\u00bb<\/p>\n\n\n\n<p>&nbsp;Para este jueves 20 de marzo, se mantiene el potencial de desarrollo de viento de 30 a 40 km\/h con rachas de 60 a 80 km\/h y tolvaneras en las cinco regiones&nbsp;de Coahuila.<\/p>\n\n\n\n<p><\/p>\n","protected":false},"excerpt":{"rendered":"<p>Saltillo, Coahuila de Zaragoza; a 19 de marzo del 2025.- Ante la acumulaci\u00f3n de polvo en el ambiente debido a los vientos provenientes del norte, fen\u00f3meno que ha afectado la calidad del aire en diversas \u00e1reas del estado, la Secretar\u00eda de Medio Ambiente de Coahuila y la Secretar\u00eda de Gobierno, a trav\u00e9s de la Subsecretar\u00eda [&hellip;]<\/p>\n","protected":false},"author":4,"featured_media":15413,"comment_status":"open","ping_status":"open","sticky":false,"template":"","format":"standard","meta":[],"categories":[5],"tags":[],"_links":{"self":[{"href":"https:\/\/alertasaltillo.com\/index.php\/wp-json\/wp\/v2\/posts\/15412"}],"collection":[{"href":"https:\/\/alertasaltillo.com\/index.php\/wp-json\/wp\/v2\/posts"}],"about":[{"href":"https:\/\/alertasaltillo.com\/index.php\/wp-json\/wp\/v2\/types\/post"}],"author":[{"embeddable":true,"href":"https:\/\/alertasaltillo.com\/index.php\/wp-json\/wp\/v2\/users\/4"}],"replies":[{"embeddable":true,"href":"https:\/\/alertasaltillo.com\/index.php\/wp-json\/wp\/v2\/comments?post=15412"}],"version-history":[{"count":1,"href":"https:\/\/alertasaltillo.com\/index.php\/wp-json\/wp\/v2\/posts\/15412\/revisions"}],"predecessor-version":[{"id":15414,"href":"https:\/\/alertasaltillo.com\/index.php\/wp-json\/wp\/v2\/posts\/15412\/revisions\/15414"}],"wp:featuredmedia":[{"embeddable":true,"href":"https:\/\/alertasaltillo.com\/index.php\/wp-json\/wp\/v2\/media\/15413"}],"wp:attachment":[{"href":"https:\/\/alertasaltillo.com\/index.php\/wp-json\/wp\/v2\/media?parent=15412"}],"wp:term":[{"taxonomy":"category","embeddable":true,"href":"https:\/\/alertasaltillo.com\/index.php\/wp-json\/wp\/v2\/categories?post=15412"},{"taxonomy":"post_tag","embeddable":true,"href":"https:\/\/alertasaltillo.com\/index.php\/wp-json\/wp\/v2\/tags?post=15412"}],"curies":[{"name":"wp","href":"https:\/\/api.w.org\/{rel}","templated":true}]}}