{"id":15409,"date":"2025-03-20T21:27:07","date_gmt":"2025-03-20T21:27:07","guid":{"rendered":"https:\/\/alertasaltillo.com\/?p=15409"},"modified":"2025-03-20T21:27:10","modified_gmt":"2025-03-20T21:27:10","slug":"presentan-ante-cabildo-la-estrategia-activa-tu-parque","status":"publish","type":"post","link":"https:\/\/alertasaltillo.com\/index.php\/2025\/03\/20\/presentan-ante-cabildo-la-estrategia-activa-tu-parque\/","title":{"rendered":"PRESENTAN ANTE CABILDO LA ESTRATEGIA \u00abACTIVA TU PARQUE\u00bb"},"content":{"rendered":"\n<p><\/p>\n\n\n\n<p><em>Estas acciones comenzar\u00e1n en los pr\u00f3ximos d\u00edas y est\u00e1n encaminadas al rescate y aprovechamiento de espacios p\u00fablicos para toda la familia.<\/em><\/p>\n\n\n\n<p>Saltillo, Coahuila de Zaragoza; 19 de marzo de 2025.- El Cabildo de Saltillo aprob\u00f3 por unanimidad la estrategia transversal \u201cActiva tu Parque\u201d que impulsa el alcalde de la ciudad, Javier D\u00edaz Gonz\u00e1lez, para recuperar espacios p\u00fablicos de la ciudad, programa que arrancar\u00e1 en los pr\u00f3ximos d\u00edas con el apoyo del gobernador del Estado, Manolo Jim\u00e9nez Salinas.<\/p>\n\n\n\n<p>\u201cActiva tu Parque\u201d fue presentaci\u00f3n ante el pleno del Cabildo por Alberto Salinas de las Fuentes, director del Instituto Municipal de Planeaci\u00f3n, Implan Saltillo, instancia que coordinar\u00e1 estas acciones de mejora y recuperaci\u00f3n de espacios.<\/p>\n\n\n\n<p>\u00abLa idea es presentarlo ante el Cabildo porque queremos involucrar directamente a la ciudadan\u00eda ya la iniciativa privada. La idea es que Saltillo tenga espacios m\u00e1s dignos para ofrecer actividades deportivas y culturales y con eso fortalecer el tejido social\u00bb, apunt\u00f3 el alcalde Javier D\u00edaz Gonz\u00e1lez.<\/p>\n\n\n\n<p>Adem\u00e1s, durante la sesi\u00f3n se gir\u00f3 a la comisi\u00f3n de Desarrollo Rural la propuesta de la regidora Andrea Alejandra Avil\u00e9s Aguirre, relativa a instaurar una semana de talleres productivos en ejidos, en el marco del D\u00eda Internacional de la Mujer.<\/p>\n\n\n\n<p>Avil\u00e9s Aguirre propone que el DIF municipal, en coordinaci\u00f3n con la red de Centros Comunitarios, realice las gestiones necesarias para llevar el proyecto a la pr\u00e1ctica y acercar esos beneficios a las mujeres del campo.<\/p>\n\n\n\n<p>Tambi\u00e9n considera importante incorporar un m\u00f3dulo de informaci\u00f3n de prepa abierta en el que se resalte c\u00f3mo los estudios de bachillerato y de universidad son herramientas que brindan a las mujeres mejores oportunidades de desarrollo.<\/p>\n\n\n\n<p>\u201cEn pro de las mujeres de las comunidades rurales y para garantizarles una seguridad econ\u00f3mica buscamos abrir espacios de capacitaci\u00f3n para que puedan tener una fuente de trabajo que les genere ingresos extras, para empoderar y promover la independencia econ\u00f3mica\u201d, se\u00f1ala la propuesta.<\/p>\n\n\n\n<p>Finalmente, se present\u00f3 y gir\u00f3 a la Comisi\u00f3n de Hacienda, Patrimonio, Cuenta P\u00fablica y Gastos M\u00e9dicos, la solicitud presentada por el presidente del Consejo de Administraci\u00f3n de Aguas de Saltillo, Ernesto L\u00f3pez de Nigris, relativa a la autorizaci\u00f3n de la contrataci\u00f3n de una l\u00ednea de financiamiento.<\/p>\n","protected":false},"excerpt":{"rendered":"<p>Estas acciones comenzar\u00e1n en los pr\u00f3ximos d\u00edas y est\u00e1n encaminadas al rescate y aprovechamiento de espacios p\u00fablicos para toda la familia. Saltillo, Coahuila de Zaragoza; 19 de marzo de 2025.- El Cabildo de Saltillo aprob\u00f3 por unanimidad la estrategia transversal \u201cActiva tu Parque\u201d que impulsa el alcalde de la ciudad, Javier D\u00edaz Gonz\u00e1lez, para recuperar [&hellip;]<\/p>\n","protected":false},"author":4,"featured_media":15410,"comment_status":"open","ping_status":"open","sticky":false,"template":"","format":"standard","meta":[],"categories":[5],"tags":[],"_links":{"self":[{"href":"https:\/\/alertasaltillo.com\/index.php\/wp-json\/wp\/v2\/posts\/15409"}],"collection":[{"href":"https:\/\/alertasaltillo.com\/index.php\/wp-json\/wp\/v2\/posts"}],"about":[{"href":"https:\/\/alertasaltillo.com\/index.php\/wp-json\/wp\/v2\/types\/post"}],"author":[{"embeddable":true,"href":"https:\/\/alertasaltillo.com\/index.php\/wp-json\/wp\/v2\/users\/4"}],"replies":[{"embeddable":true,"href":"https:\/\/alertasaltillo.com\/index.php\/wp-json\/wp\/v2\/comments?post=15409"}],"version-history":[{"count":1,"href":"https:\/\/alertasaltillo.com\/index.php\/wp-json\/wp\/v2\/posts\/15409\/revisions"}],"predecessor-version":[{"id":15411,"href":"https:\/\/alertasaltillo.com\/index.php\/wp-json\/wp\/v2\/posts\/15409\/revisions\/15411"}],"wp:featuredmedia":[{"embeddable":true,"href":"https:\/\/alertasaltillo.com\/index.php\/wp-json\/wp\/v2\/media\/15410"}],"wp:attachment":[{"href":"https:\/\/alertasaltillo.com\/index.php\/wp-json\/wp\/v2\/media?parent=15409"}],"wp:term":[{"taxonomy":"category","embeddable":true,"href":"https:\/\/alertasaltillo.com\/index.php\/wp-json\/wp\/v2\/categories?post=15409"},{"taxonomy":"post_tag","embeddable":true,"href":"https:\/\/alertasaltillo.com\/index.php\/wp-json\/wp\/v2\/tags?post=15409"}],"curies":[{"name":"wp","href":"https:\/\/api.w.org\/{rel}","templated":true}]}}