{"id":15369,"date":"2025-03-18T20:02:06","date_gmt":"2025-03-18T20:02:06","guid":{"rendered":"https:\/\/alertasaltillo.com\/?p=15369"},"modified":"2025-03-18T20:02:08","modified_gmt":"2025-03-18T20:02:08","slug":"esta-semana-arrancara-programa-de-rescate-y-aprovechamiento-de-plazas-publicas-en-saltillo","status":"publish","type":"post","link":"https:\/\/alertasaltillo.com\/index.php\/2025\/03\/18\/esta-semana-arrancara-programa-de-rescate-y-aprovechamiento-de-plazas-publicas-en-saltillo\/","title":{"rendered":"ESTA SEMANA ARRANCAR\u00c1 PROGRAMA DE RESCATE Y APROVECHAMIENTO DE PLAZAS P\u00daBLICAS EN SALTILLO"},"content":{"rendered":"\n<p>Saltillo, Coahuila de Zaragoza; 17 de marzo de 2025.- El alcalde de Saltillo, Javier D\u00edaz Gonz\u00e1lez, anunci\u00f3 que, con el apoyo del gobernador Manolo Jim\u00e9nez Salinas, esta semana iniciar\u00e1 un importante programa de rehabilitaci\u00f3n de plazas y espacios p\u00fablicos, para brindar en ellos, actividades deportivas, as\u00ed como culturales.<\/p>\n\n\n\n<p>D\u00edaz Gonz\u00e1lez apunt\u00f3 que este esquema comenzar\u00e1 en una de las \u00e1reas p\u00fablicas del fraccionamiento Mirasierra y que, en una primera etapa, ser\u00e1n 40 espacios p\u00fablicos los que est\u00e1n considerados.<\/p>\n\n\n\n<p>El Alcalde de la ciudad explic\u00f3 que gracias al trabajo de las cuadrillas, se realizar\u00e1n acciones de limpieza, rehabilitaci\u00f3n y embellecimiento; pero adem\u00e1s, se asignar\u00e1n promotores culturales y deportivos para impulsar actividades de este tipo entre la comunidad.<\/p>\n\n\n\n<p>\u201cVamos a trabajar de la mano con la sociedad civil, tambi\u00e9n con los empresarios con el objetivo de que estos espacios tengan vida, que sean lugares de recreaci\u00f3n, de esparcimiento para que nos ayuden a fortalecer el tejido familiar\u201d, declar\u00f3.<\/p>\n\n\n\n<p>Javier D\u00edaz coment\u00f3 que estas acciones forman parte de los planes de trabajo de su administraci\u00f3n, dijo que el deporte y la cultura propician un desarrollo m\u00e1s integral de las personas, lo que repercute de manera positiva en la comunidad.<\/p>\n\n\n\n<p>Finalmente, el Alcalde de la ciudad dijo que en breve las cuadrillas llegar\u00e1n a las diferentes plazas de la ciudad, por lo que solicit\u00f3 el apoyo de la ciudadan\u00eda cuidando estos espacios p\u00fablicos, ya que son para el disfrute de las familias.<\/p>\n\n\n\n<p><\/p>\n","protected":false},"excerpt":{"rendered":"<p>Saltillo, Coahuila de Zaragoza; 17 de marzo de 2025.- El alcalde de Saltillo, Javier D\u00edaz Gonz\u00e1lez, anunci\u00f3 que, con el apoyo del gobernador Manolo Jim\u00e9nez Salinas, esta semana iniciar\u00e1 un importante programa de rehabilitaci\u00f3n de plazas y espacios p\u00fablicos, para brindar en ellos, actividades deportivas, as\u00ed como culturales. D\u00edaz Gonz\u00e1lez apunt\u00f3 que este esquema comenzar\u00e1 [&hellip;]<\/p>\n","protected":false},"author":4,"featured_media":15370,"comment_status":"open","ping_status":"open","sticky":false,"template":"","format":"standard","meta":[],"categories":[5],"tags":[],"_links":{"self":[{"href":"https:\/\/alertasaltillo.com\/index.php\/wp-json\/wp\/v2\/posts\/15369"}],"collection":[{"href":"https:\/\/alertasaltillo.com\/index.php\/wp-json\/wp\/v2\/posts"}],"about":[{"href":"https:\/\/alertasaltillo.com\/index.php\/wp-json\/wp\/v2\/types\/post"}],"author":[{"embeddable":true,"href":"https:\/\/alertasaltillo.com\/index.php\/wp-json\/wp\/v2\/users\/4"}],"replies":[{"embeddable":true,"href":"https:\/\/alertasaltillo.com\/index.php\/wp-json\/wp\/v2\/comments?post=15369"}],"version-history":[{"count":1,"href":"https:\/\/alertasaltillo.com\/index.php\/wp-json\/wp\/v2\/posts\/15369\/revisions"}],"predecessor-version":[{"id":15371,"href":"https:\/\/alertasaltillo.com\/index.php\/wp-json\/wp\/v2\/posts\/15369\/revisions\/15371"}],"wp:featuredmedia":[{"embeddable":true,"href":"https:\/\/alertasaltillo.com\/index.php\/wp-json\/wp\/v2\/media\/15370"}],"wp:attachment":[{"href":"https:\/\/alertasaltillo.com\/index.php\/wp-json\/wp\/v2\/media?parent=15369"}],"wp:term":[{"taxonomy":"category","embeddable":true,"href":"https:\/\/alertasaltillo.com\/index.php\/wp-json\/wp\/v2\/categories?post=15369"},{"taxonomy":"post_tag","embeddable":true,"href":"https:\/\/alertasaltillo.com\/index.php\/wp-json\/wp\/v2\/tags?post=15369"}],"curies":[{"name":"wp","href":"https:\/\/api.w.org\/{rel}","templated":true}]}}