{"id":15359,"date":"2025-03-18T19:46:49","date_gmt":"2025-03-18T19:46:49","guid":{"rendered":"https:\/\/alertasaltillo.com\/?p=15359"},"modified":"2025-03-18T19:46:51","modified_gmt":"2025-03-18T19:46:51","slug":"gobernador-de-jalisco-promete-decir-la-verdad-sobre-el-caso-del-narcocampamento-de-teuchitlan","status":"publish","type":"post","link":"https:\/\/alertasaltillo.com\/index.php\/2025\/03\/18\/gobernador-de-jalisco-promete-decir-la-verdad-sobre-el-caso-del-narcocampamento-de-teuchitlan\/","title":{"rendered":"GOBERNADOR DE JALISCO PROMETE \u00abDECIR LA VERDAD\u00bb SOBRE EL CASO DEL NARCOCAMPAMENTO DE TEUCHITL\u00c1N"},"content":{"rendered":"\n<p>Pablo Lemus Navarro se\u00f1al\u00f3 que trabajar\u00e1 de forma coordinada con las autoridades federales, tras la atracci\u00f3n de la investigaci\u00f3n por parte de la Fiscal\u00eda General de la Rep\u00fablica.<\/p>\n\n\n\n<p>GUADALAJARA, Jal. (apro).\u2014El gobernador de Jalisco, Pablo Lemus Navarro prometi\u00f3 que \u201cdir\u00e1 la verdad\u201d de los hechos ocurridos en el rancho Izaguirre de Teuchitl\u00e1n, Jalisco, en donde se detectaron indicios de inhumaciones clandestinas y se descubrieron art\u00edculos personales de personas que podr\u00edan ser v\u00edctimas de privaci\u00f3n ilegal de la libertad, desaparici\u00f3n y homicidio.<\/p>\n\n\n\n<p>Luego de salir de una reuni\u00f3n de la Mesa de Seguridad, efectuada en Palacio Nacional, encabezada por la presidenta de M\u00e9xico, Claudia Sheinbaum, Lemus Navarro tambi\u00e9n se\u00f1al\u00f3 que trabajar\u00e1 de forma coordinada con las autoridades federales, esto tras la atracci\u00f3n de la investigaci\u00f3n por parte de la Fiscal\u00eda General de la Rep\u00fablica (FGR).<\/p>\n\n\n\n<p>Con Informaci\u00f3n tomada de PROCESO<\/p>\n","protected":false},"excerpt":{"rendered":"<p>Pablo Lemus Navarro se\u00f1al\u00f3 que trabajar\u00e1 de forma coordinada con las autoridades federales, tras la atracci\u00f3n de la investigaci\u00f3n por parte de la Fiscal\u00eda General de la Rep\u00fablica. GUADALAJARA, Jal. (apro).\u2014El gobernador de Jalisco, Pablo Lemus Navarro prometi\u00f3 que \u201cdir\u00e1 la verdad\u201d de los hechos ocurridos en el rancho Izaguirre de Teuchitl\u00e1n, Jalisco, en donde [&hellip;]<\/p>\n","protected":false},"author":4,"featured_media":15360,"comment_status":"open","ping_status":"open","sticky":false,"template":"","format":"standard","meta":[],"categories":[185],"tags":[],"_links":{"self":[{"href":"https:\/\/alertasaltillo.com\/index.php\/wp-json\/wp\/v2\/posts\/15359"}],"collection":[{"href":"https:\/\/alertasaltillo.com\/index.php\/wp-json\/wp\/v2\/posts"}],"about":[{"href":"https:\/\/alertasaltillo.com\/index.php\/wp-json\/wp\/v2\/types\/post"}],"author":[{"embeddable":true,"href":"https:\/\/alertasaltillo.com\/index.php\/wp-json\/wp\/v2\/users\/4"}],"replies":[{"embeddable":true,"href":"https:\/\/alertasaltillo.com\/index.php\/wp-json\/wp\/v2\/comments?post=15359"}],"version-history":[{"count":1,"href":"https:\/\/alertasaltillo.com\/index.php\/wp-json\/wp\/v2\/posts\/15359\/revisions"}],"predecessor-version":[{"id":15361,"href":"https:\/\/alertasaltillo.com\/index.php\/wp-json\/wp\/v2\/posts\/15359\/revisions\/15361"}],"wp:featuredmedia":[{"embeddable":true,"href":"https:\/\/alertasaltillo.com\/index.php\/wp-json\/wp\/v2\/media\/15360"}],"wp:attachment":[{"href":"https:\/\/alertasaltillo.com\/index.php\/wp-json\/wp\/v2\/media?parent=15359"}],"wp:term":[{"taxonomy":"category","embeddable":true,"href":"https:\/\/alertasaltillo.com\/index.php\/wp-json\/wp\/v2\/categories?post=15359"},{"taxonomy":"post_tag","embeddable":true,"href":"https:\/\/alertasaltillo.com\/index.php\/wp-json\/wp\/v2\/tags?post=15359"}],"curies":[{"name":"wp","href":"https:\/\/api.w.org\/{rel}","templated":true}]}}