{"id":15350,"date":"2025-03-18T18:28:39","date_gmt":"2025-03-18T18:28:39","guid":{"rendered":"https:\/\/alertasaltillo.com\/?p=15350"},"modified":"2025-03-18T18:28:42","modified_gmt":"2025-03-18T18:28:42","slug":"siguen-abriendo-operaciones-establecimientos-comerciales-en-saltillo","status":"publish","type":"post","link":"https:\/\/alertasaltillo.com\/index.php\/2025\/03\/18\/siguen-abriendo-operaciones-establecimientos-comerciales-en-saltillo\/","title":{"rendered":"SIGUEN ABRIENDO OPERACIONES ESTABLECIMIENTOS COMERCIALES EN SALTILLO"},"content":{"rendered":"\n<p><em>En inauguraci\u00f3n de tienda Merco Otilio destacan seguridad, crecimiento y mejor calidad de vida en la ciudad.<\/em><\/p>\n\n\n\n<p>Saltillo, Coahuila de Zaragoza; 16 de marzo de 2025.- Durante la inauguraci\u00f3n de la quinta sucursal de la tienda Merco en la ciudad, C\u00e9sar Iv\u00e1n Moreno Aguirre, jefe de Gabinete y Proyectos Estrat\u00e9gicos afirm\u00f3 que acciones como estas se consolidan a Saltillo en el tema econ\u00f3mico y social.<\/p>\n\n\n\n<p>En representaci\u00f3n del alcalde Javier D\u00edaz Gonz\u00e1lez, Moreno Aguirre afirm\u00f3 que este nuevo establecimiento ubicado en el bulevar Otilio Gonz\u00e1lez, contribuye a generar empleos formales, al bienestar de la comunidad y ofrece un lugar donde las familias pueden realizar sus compras de manera \u00e1gil y cerca de sus hogares.<\/p>\n\n\n\n<p>\u201cLa apertura de la nueva sucursal Merco Otilio, da una nueva vida a esta parte de la ciudad, con la creaci\u00f3n de m\u00e1s de 250 empleos directos e indirectos, adem\u00e1s de que reafirma el compromiso del grupo Merco con la sociedad y las buenas causas\u201d, asegur\u00f3 C\u00e9sar Iv\u00e1n Moreno.<\/p>\n\n\n\n<p>El jefe de Gabinete de Saltillo destac\u00f3 el trabajo en conjunto y las pol\u00edticas p\u00fablicas del gobernador Manolo Jim\u00e9nez Salinas y el alcalde Javier D\u00edaz Gonz\u00e1lez, que se ponen en pr\u00e1ctica en temas de seguridad, con el fin de continuar con la atracci\u00f3n de inversiones locales, nacionales y extranjeras y mejorar as\u00ed la calidad de vida de las familias.<\/p>\n\n\n\n<p>Merco Otilio se convierte as\u00ed en la quinta sucursal en Saltillo, la S\u00e9ptima en la regi\u00f3n Sureste y la tienda n\u00famero 39 a nivel nacional.<\/p>\n\n\n\n<p>En representaci\u00f3n del gobernador Manolo Jim\u00e9nez, el secretario de Econom\u00eda, Luis Eduardo Olivares Mart\u00ednez manifest\u00f3 que las condiciones favorables de paz que ofrece el estado, son resultado de trabajo arduo y permanente en favor de los negocios y las familias.<\/p>\n\n\n\n<p>\u201cEn Coahuila trabajamos para que las empresas sigan llegando y creciendo, y que nuestro estado contin\u00fae como la Perla del Norte de M\u00e9xico y que siga siendo un estado ejemplar\u201d, asegur\u00f3.<\/p>\n\n\n\n<p>Javier Arteaga Guti\u00e9rrez, presidente de Grupo Merco agradeci\u00f3 las facilidades otorgadas por las \u00f3rdenes de gobierno, para la apertura de esta sucursal ubicada al oriente de Saltillo.<\/p>\n\n\n\n<p>\u201cEn nuestro pa\u00eds, Coahuila es un oasis, donde existe seguridad, crecimiento, apoyo a las personas y las empresas, por lo que lo consideramos el mejor lugar para invertir\u201d, asegur\u00f3.<\/p>\n\n\n\n<p>Asimismo, invit\u00f3 a los saltillenses a visitar esta nueva sucursal, que se ubica en Prolongaci\u00f3n Otilio Gonz\u00e1lez, en la&nbsp;<a href=\"https:\/\/www.google.com\/maps\/search\/calle+San+Jos%C3%A9+de+Los+Cerritos,+n%C3%BAmero+5610?entry=gmail&amp;source=g\" target=\"_blank\" rel=\"noreferrer noopener\">calle San Jos\u00e9 de Los Cerritos, n\u00famero 5610<\/a>&nbsp;.<\/p>\n\n\n\n<p>En este evento asistieron presentes directivos y colaboradores de grupo Merco, as\u00ed como Liliana Salinas Vald\u00e9s, presidenta honoraria del DIF Coahuila; Cristina Amezcua Gonz\u00e1lez, secretar\u00eda de Turismo y Desarrollo de Pueblos M\u00e1gicos del Estado; Hayde\u00e9 Nayeli Castro Guti\u00e9rrez, directora de Desarrollo Urbano de Saltillo; Jos\u00e9 Manuel Puentes Canales, director de la Unidad Administrativa de Alcoholes.<\/p>\n\n\n\n<p>Enrique Mart\u00ednez y Mart\u00ednez, exgobernador de Coahuila; David Mart\u00ednez Rubio, padre de la Parroquia San Miguel Arc\u00e1ngel; Ivonne Salinas, directora de Navidad en el Campo AC; Conchita Aguirre de Arizpe, presidenta de C\u00e1ritas Saltillo, entre otros.<\/p>\n\n\n\n<p><\/p>\n","protected":false},"excerpt":{"rendered":"<p>En inauguraci\u00f3n de tienda Merco Otilio destacan seguridad, crecimiento y mejor calidad de vida en la ciudad. Saltillo, Coahuila de Zaragoza; 16 de marzo de 2025.- Durante la inauguraci\u00f3n de la quinta sucursal de la tienda Merco en la ciudad, C\u00e9sar Iv\u00e1n Moreno Aguirre, jefe de Gabinete y Proyectos Estrat\u00e9gicos afirm\u00f3 que acciones como estas [&hellip;]<\/p>\n","protected":false},"author":4,"featured_media":15351,"comment_status":"open","ping_status":"open","sticky":false,"template":"","format":"standard","meta":[],"categories":[5],"tags":[],"_links":{"self":[{"href":"https:\/\/alertasaltillo.com\/index.php\/wp-json\/wp\/v2\/posts\/15350"}],"collection":[{"href":"https:\/\/alertasaltillo.com\/index.php\/wp-json\/wp\/v2\/posts"}],"about":[{"href":"https:\/\/alertasaltillo.com\/index.php\/wp-json\/wp\/v2\/types\/post"}],"author":[{"embeddable":true,"href":"https:\/\/alertasaltillo.com\/index.php\/wp-json\/wp\/v2\/users\/4"}],"replies":[{"embeddable":true,"href":"https:\/\/alertasaltillo.com\/index.php\/wp-json\/wp\/v2\/comments?post=15350"}],"version-history":[{"count":1,"href":"https:\/\/alertasaltillo.com\/index.php\/wp-json\/wp\/v2\/posts\/15350\/revisions"}],"predecessor-version":[{"id":15352,"href":"https:\/\/alertasaltillo.com\/index.php\/wp-json\/wp\/v2\/posts\/15350\/revisions\/15352"}],"wp:featuredmedia":[{"embeddable":true,"href":"https:\/\/alertasaltillo.com\/index.php\/wp-json\/wp\/v2\/media\/15351"}],"wp:attachment":[{"href":"https:\/\/alertasaltillo.com\/index.php\/wp-json\/wp\/v2\/media?parent=15350"}],"wp:term":[{"taxonomy":"category","embeddable":true,"href":"https:\/\/alertasaltillo.com\/index.php\/wp-json\/wp\/v2\/categories?post=15350"},{"taxonomy":"post_tag","embeddable":true,"href":"https:\/\/alertasaltillo.com\/index.php\/wp-json\/wp\/v2\/tags?post=15350"}],"curies":[{"name":"wp","href":"https:\/\/api.w.org\/{rel}","templated":true}]}}