{"id":15347,"date":"2025-03-18T18:26:45","date_gmt":"2025-03-18T18:26:45","guid":{"rendered":"https:\/\/alertasaltillo.com\/?p=15347"},"modified":"2025-03-18T18:26:48","modified_gmt":"2025-03-18T18:26:48","slug":"padrastro-arroja-cemento-a-los-ojos-de-un-nino-de-6-anos-ocasionandole-quemaduras","status":"publish","type":"post","link":"https:\/\/alertasaltillo.com\/index.php\/2025\/03\/18\/padrastro-arroja-cemento-a-los-ojos-de-un-nino-de-6-anos-ocasionandole-quemaduras\/","title":{"rendered":"PADRASTRO ARROJA CEMENTO A LOS OJOS DE UN NI\u00d1O DE 6 A\u00d1OS OCASION\u00c1NDOLE QUEMADURAS"},"content":{"rendered":"\n<p>El agresor se encontraba solo con el menor y fue una discusi\u00f3n la que provoc\u00f3 el ataque que hizo terminar al ni\u00f1o en el hospital, donde recibe tratamiento m\u00e9dico<\/p>\n\n\n\n<p>Un<strong>&nbsp;ni\u00f1o<\/strong>&nbsp;de 6 a\u00f1os fue v\u00edctima de un violento ataque por parte de su<strong>&nbsp;padrastro<\/strong>, quien le arroj\u00f3<strong>&nbsp;cemento<\/strong>&nbsp;a los ojos caus\u00e1ndole quemaduras por lo que el menor de edad fue trasladado a un&nbsp;<strong>hospital<\/strong>&nbsp;donde recibe atenci\u00f3n especializada debido a los da\u00f1os sufridos en la c\u00f3rnea. En estos momentos el peque\u00f1o&nbsp;<strong>ni\u00f1o<\/strong>&nbsp;permanece bajo observaci\u00f3n m\u00e9dica, pero las autoridades sanitarias reportaron que su estado de salud es estable.<\/p>\n\n\n\n<p>De acuerdo con informaron proporcionada por los medios locales de la ciudad colombiana de Barrancabermeja, lugar donde ocurri\u00f3 el ataque el pasado s\u00e1bado 15 de marzo, el agresor se encontraba solo con el&nbsp;<strong>ni\u00f1o<\/strong>&nbsp;y fue una discusi\u00f3n la que provoc\u00f3 la agresi\u00f3n por parte del&nbsp;<strong>padrastro<\/strong>, quien fue identificado como Maikel Jos\u00e9 de la Hoz.<\/p>\n\n\n\n<p><\/p>\n\n\n\n<p>Por su parte, la\u00a0<strong>madre del menor<\/strong>, quien est\u00e1 embarazada del agresor, ha solicitado a las autoridades que se haga justicia por lo ocurrido. \u00abNo puedo creer que alguien sea capaz de hacerle esto a un<strong>\u00a0ni\u00f1o<\/strong>\u00a0inocente. Solo pido que se haga justicia y que mi hijo se recupere\u00bb, expres\u00f3.<\/p>\n\n\n\n<p>Con Informaci\u00f3n tomada de EL HERALDO DE M\u00c9XICO<\/p>\n","protected":false},"excerpt":{"rendered":"<p>El agresor se encontraba solo con el menor y fue una discusi\u00f3n la que provoc\u00f3 el ataque que hizo terminar al ni\u00f1o en el hospital, donde recibe tratamiento m\u00e9dico Un&nbsp;ni\u00f1o&nbsp;de 6 a\u00f1os fue v\u00edctima de un violento ataque por parte de su&nbsp;padrastro, quien le arroj\u00f3&nbsp;cemento&nbsp;a los ojos caus\u00e1ndole quemaduras por lo que el menor de [&hellip;]<\/p>\n","protected":false},"author":4,"featured_media":15348,"comment_status":"open","ping_status":"open","sticky":false,"template":"","format":"standard","meta":[],"categories":[9],"tags":[],"_links":{"self":[{"href":"https:\/\/alertasaltillo.com\/index.php\/wp-json\/wp\/v2\/posts\/15347"}],"collection":[{"href":"https:\/\/alertasaltillo.com\/index.php\/wp-json\/wp\/v2\/posts"}],"about":[{"href":"https:\/\/alertasaltillo.com\/index.php\/wp-json\/wp\/v2\/types\/post"}],"author":[{"embeddable":true,"href":"https:\/\/alertasaltillo.com\/index.php\/wp-json\/wp\/v2\/users\/4"}],"replies":[{"embeddable":true,"href":"https:\/\/alertasaltillo.com\/index.php\/wp-json\/wp\/v2\/comments?post=15347"}],"version-history":[{"count":1,"href":"https:\/\/alertasaltillo.com\/index.php\/wp-json\/wp\/v2\/posts\/15347\/revisions"}],"predecessor-version":[{"id":15349,"href":"https:\/\/alertasaltillo.com\/index.php\/wp-json\/wp\/v2\/posts\/15347\/revisions\/15349"}],"wp:featuredmedia":[{"embeddable":true,"href":"https:\/\/alertasaltillo.com\/index.php\/wp-json\/wp\/v2\/media\/15348"}],"wp:attachment":[{"href":"https:\/\/alertasaltillo.com\/index.php\/wp-json\/wp\/v2\/media?parent=15347"}],"wp:term":[{"taxonomy":"category","embeddable":true,"href":"https:\/\/alertasaltillo.com\/index.php\/wp-json\/wp\/v2\/categories?post=15347"},{"taxonomy":"post_tag","embeddable":true,"href":"https:\/\/alertasaltillo.com\/index.php\/wp-json\/wp\/v2\/tags?post=15347"}],"curies":[{"name":"wp","href":"https:\/\/api.w.org\/{rel}","templated":true}]}}