{"id":15330,"date":"2025-03-17T15:41:13","date_gmt":"2025-03-17T15:41:13","guid":{"rendered":"https:\/\/alertasaltillo.com\/?p=15330"},"modified":"2025-03-17T15:41:15","modified_gmt":"2025-03-17T15:41:15","slug":"masacre-en-salamanca-asesinan-a-siete-personas-en-ataque-en-san-jose-de-mendoza","status":"publish","type":"post","link":"https:\/\/alertasaltillo.com\/index.php\/2025\/03\/17\/masacre-en-salamanca-asesinan-a-siete-personas-en-ataque-en-san-jose-de-mendoza\/","title":{"rendered":"MASACRE EN SALAMANCA: ASESINAN A SIETE PERSONAS EN ATAQUE EN SAN JOS\u00c9 DE MENDOZA"},"content":{"rendered":"\n<p>Los hechos ocurrieron en la cancha de usos m\u00faltiples de la comunidad; el municipio vive uno de los meses m\u00e1s violentos en su historia<\/p>\n\n\n\n<p>SALAMANCA, Gto. Siete personas asesinadas y al menos cuatro m\u00e1s lesionadas fue el saldo de un ataque armado ocurrido la noche del domingo en la comunidad de San Jos\u00e9 de Mendoza, en el municipio de Salamanca.<\/p>\n\n\n\n<p>El reporte fue realizado minutos antes de las ocho de la noche del domingo, en donde se dijo que en San Jos\u00e9 de Mendoza, en la cancha de usos m\u00faltiples, hab\u00eda ocurrido un ataque a balazos.<\/p>\n\n\n\n<p>Los habitantes relataron que un grupo de personas, la mayor\u00eda hombres, estaba reunido en la cancha de usos m\u00faltiples, cuando hombres armados a bordo de una camioneta llegaron al lugar y de ella descendieron dos hombres, los cuales comenzaron a disparar en contra de las personas presentes.<\/p>\n\n\n\n<p>En el lugar se contabilizaron al menos 50 casquillos percutidos, todos ellos de arma larga de las conocidas como Cuerno de Chivo. Una vez perpetrado el ataque, los agresores huyeron hacia la carretera, en donde se les perdi\u00f3 la pista.<\/p>\n\n\n\n<p>En el piso quedaron tendidas al menos 11 personas, de las cuales cuatro perdieron la vida en el lugar del ataque, mientras que al menos otras siete m\u00e1s quedaron lesionadas, algunas de las cuales fueron trasladadas en veh\u00edculos particulares para recibir atenci\u00f3n m\u00e9dica y otras m\u00e1s por param\u00e9dicos de la Cruz Roja Mexicana; sin embargo, se report\u00f3 el fallecimiento de tres de ellas en hospitales de la ciudad.<\/p>\n\n\n\n<p>Con Informaci\u00f3n tomada de EL SOL DE M\u00c9XICO<\/p>\n","protected":false},"excerpt":{"rendered":"<p>Los hechos ocurrieron en la cancha de usos m\u00faltiples de la comunidad; el municipio vive uno de los meses m\u00e1s violentos en su historia SALAMANCA, Gto. Siete personas asesinadas y al menos cuatro m\u00e1s lesionadas fue el saldo de un ataque armado ocurrido la noche del domingo en la comunidad de San Jos\u00e9 de Mendoza, [&hellip;]<\/p>\n","protected":false},"author":4,"featured_media":15331,"comment_status":"open","ping_status":"open","sticky":false,"template":"","format":"standard","meta":[],"categories":[185],"tags":[],"_links":{"self":[{"href":"https:\/\/alertasaltillo.com\/index.php\/wp-json\/wp\/v2\/posts\/15330"}],"collection":[{"href":"https:\/\/alertasaltillo.com\/index.php\/wp-json\/wp\/v2\/posts"}],"about":[{"href":"https:\/\/alertasaltillo.com\/index.php\/wp-json\/wp\/v2\/types\/post"}],"author":[{"embeddable":true,"href":"https:\/\/alertasaltillo.com\/index.php\/wp-json\/wp\/v2\/users\/4"}],"replies":[{"embeddable":true,"href":"https:\/\/alertasaltillo.com\/index.php\/wp-json\/wp\/v2\/comments?post=15330"}],"version-history":[{"count":1,"href":"https:\/\/alertasaltillo.com\/index.php\/wp-json\/wp\/v2\/posts\/15330\/revisions"}],"predecessor-version":[{"id":15332,"href":"https:\/\/alertasaltillo.com\/index.php\/wp-json\/wp\/v2\/posts\/15330\/revisions\/15332"}],"wp:featuredmedia":[{"embeddable":true,"href":"https:\/\/alertasaltillo.com\/index.php\/wp-json\/wp\/v2\/media\/15331"}],"wp:attachment":[{"href":"https:\/\/alertasaltillo.com\/index.php\/wp-json\/wp\/v2\/media?parent=15330"}],"wp:term":[{"taxonomy":"category","embeddable":true,"href":"https:\/\/alertasaltillo.com\/index.php\/wp-json\/wp\/v2\/categories?post=15330"},{"taxonomy":"post_tag","embeddable":true,"href":"https:\/\/alertasaltillo.com\/index.php\/wp-json\/wp\/v2\/tags?post=15330"}],"curies":[{"name":"wp","href":"https:\/\/api.w.org\/{rel}","templated":true}]}}