{"id":15321,"date":"2025-03-17T02:23:46","date_gmt":"2025-03-17T02:23:46","guid":{"rendered":"https:\/\/alertasaltillo.com\/?p=15321"},"modified":"2025-03-17T02:23:48","modified_gmt":"2025-03-17T02:23:48","slug":"acusan-abuso-sexual-contra-alumno-con-discapacidad-estudiantes-protestan","status":"publish","type":"post","link":"https:\/\/alertasaltillo.com\/index.php\/2025\/03\/17\/acusan-abuso-sexual-contra-alumno-con-discapacidad-estudiantes-protestan\/","title":{"rendered":"ACUSAN ABUSO SEXUAL CONTRA ALUMNO CON DISCAPACIDAD; ESTUDIANTES PROTESTAN"},"content":{"rendered":"\n<h2>Afirman que los sucesos habr\u00edan ocurrido en el \u00e1rea de sanitarios del Tec Milenio y estar\u00edan involucrados cinco j\u00f3venes<\/h2>\n\n\n\n<p><\/p>\n\n\n\n<p>Alumnos del Tec Milenio Campus Las Torres, en este municipio, protagonizaron ayer una protesta para denunciar un caso de presunto&nbsp;<strong>abuso sexual&nbsp;<\/strong>en contra de un compa\u00f1ero con discapacidad al interior del plantel educativo y demandaron una investigaci\u00f3n del caso.<\/p>\n\n\n\n<p>Los estudiantes acudieron a la instituci\u00f3n educativa con pancartas y exigieron que las autoridades educativas act\u00faen respecto de los hechos.<\/p>\n\n\n\n<p>Los j\u00f3venes afirmaron que los sucesos habr\u00edan ocurrido en el \u00e1rea de sanitarios del Tec Milenio y habr\u00edan estado involucrados por lo menos cinco j\u00f3venes.<\/p>\n\n\n\n<p>Al sitio se trasladaron elementos de la\u00a0<strong>Agencia Estatal de Investigaciones (AEI)<\/strong>. Hasta el momento, la Fiscal\u00eda General de Justicia del estado no ha informado si ya existe una carpeta de investigaci\u00f3n por los sucesos.<\/p>\n\n\n\n<p>Con Informaci\u00f3n tomada de EXC\u00c9LSIOR<\/p>\n","protected":false},"excerpt":{"rendered":"<p>Afirman que los sucesos habr\u00edan ocurrido en el \u00e1rea de sanitarios del Tec Milenio y estar\u00edan involucrados cinco j\u00f3venes Alumnos del Tec Milenio Campus Las Torres, en este municipio, protagonizaron ayer una protesta para denunciar un caso de presunto&nbsp;abuso sexual&nbsp;en contra de un compa\u00f1ero con discapacidad al interior del plantel educativo y demandaron una investigaci\u00f3n [&hellip;]<\/p>\n","protected":false},"author":4,"featured_media":15322,"comment_status":"open","ping_status":"open","sticky":false,"template":"","format":"standard","meta":[],"categories":[185],"tags":[],"_links":{"self":[{"href":"https:\/\/alertasaltillo.com\/index.php\/wp-json\/wp\/v2\/posts\/15321"}],"collection":[{"href":"https:\/\/alertasaltillo.com\/index.php\/wp-json\/wp\/v2\/posts"}],"about":[{"href":"https:\/\/alertasaltillo.com\/index.php\/wp-json\/wp\/v2\/types\/post"}],"author":[{"embeddable":true,"href":"https:\/\/alertasaltillo.com\/index.php\/wp-json\/wp\/v2\/users\/4"}],"replies":[{"embeddable":true,"href":"https:\/\/alertasaltillo.com\/index.php\/wp-json\/wp\/v2\/comments?post=15321"}],"version-history":[{"count":1,"href":"https:\/\/alertasaltillo.com\/index.php\/wp-json\/wp\/v2\/posts\/15321\/revisions"}],"predecessor-version":[{"id":15323,"href":"https:\/\/alertasaltillo.com\/index.php\/wp-json\/wp\/v2\/posts\/15321\/revisions\/15323"}],"wp:featuredmedia":[{"embeddable":true,"href":"https:\/\/alertasaltillo.com\/index.php\/wp-json\/wp\/v2\/media\/15322"}],"wp:attachment":[{"href":"https:\/\/alertasaltillo.com\/index.php\/wp-json\/wp\/v2\/media?parent=15321"}],"wp:term":[{"taxonomy":"category","embeddable":true,"href":"https:\/\/alertasaltillo.com\/index.php\/wp-json\/wp\/v2\/categories?post=15321"},{"taxonomy":"post_tag","embeddable":true,"href":"https:\/\/alertasaltillo.com\/index.php\/wp-json\/wp\/v2\/tags?post=15321"}],"curies":[{"name":"wp","href":"https:\/\/api.w.org\/{rel}","templated":true}]}}