{"id":15176,"date":"2025-03-11T20:30:16","date_gmt":"2025-03-11T20:30:16","guid":{"rendered":"https:\/\/alertasaltillo.com\/?p=15176"},"modified":"2025-03-11T20:30:19","modified_gmt":"2025-03-11T20:30:19","slug":"invitan-al-quinto-concurso-de-dibujo-yoporlainclusion","status":"publish","type":"post","link":"https:\/\/alertasaltillo.com\/index.php\/2025\/03\/11\/invitan-al-quinto-concurso-de-dibujo-yoporlainclusion\/","title":{"rendered":"INVITAN AL QUINTO CONCURSO DE DIBUJO #YOPORLAINCLUSI\u00d3N"},"content":{"rendered":"\n<p><strong><em>\u00danete al cambi\u00f3, Convocatoria de la 5ta edici\u00f3n del concurso de dibujo #YoPorLaInclusi\u00f3n<\/em><\/strong><\/p>\n\n\n\n<p>Saltillo, Coahuila de Zaragoza&nbsp;<\/p>\n\n\n\n<p>10 de marzo del 2025.- El gobierno de Coahuila a trav\u00e9s de la Secretar\u00eda de Inclusi\u00f3n y Desarrollo Social invita a la 5ta edici\u00f3n del concurso estatal de dibujo \u00ab#YoPorLaInclusi\u00f3n\u00bb, dirigido a personas entre 10 y 21 a\u00f1os.&nbsp;<\/p>\n\n\n\n<p>La entrega de dibujos se realizar\u00e1 del 10 de marzo hasta el 24 de abril del 2025.&nbsp;<\/p>\n\n\n\n<p>Durante la rueda de prensa el secretario de Inclusi\u00f3n y Desarrollo Social, Enrique Mart\u00ednez y Morales, destac\u00f3 que con el prop\u00f3sito de fortalecer la expresi\u00f3n art\u00edstica, a trav\u00e9s de la sensibilizaci\u00f3n de la ni\u00f1ez, adolescencias y juventudes sobre la importancia de la inclusi\u00f3n, se les entregar\u00e1 un reconocimiento a cada uno de los participantes, en el cual, podr\u00e1n acceder en la siguiente premiaci\u00f3n:<\/p>\n\n\n\n<p>&#8211; Categor\u00eda A:<\/p>\n\n\n\n<p>&#8211; 1er lugar: 7,000 pesos<\/p>\n\n\n\n<p>&#8211; 2do lugar: 3,500 pesos<\/p>\n\n\n\n<p>&#8211; 3er lugar: 2,000 pesos<\/p>\n\n\n\n<p>&#8211; Categor\u00eda B:<\/p>\n\n\n\n<p>&#8211; 1er lugar: 7,000 pesos<\/p>\n\n\n\n<p>&#8211; 2do lugar: 3,500 pesos<\/p>\n\n\n\n<p>&#8211; 3er lugar: 2,000 pesos<\/p>\n\n\n\n<p>Menciones honor\u00edficas:<\/p>\n\n\n\n<p>&#8211; Al impacto social<\/p>\n\n\n\n<p>&#8211; A la creatividad e innovaci\u00f3n<\/p>\n\n\n\n<p>&#8211; Al compromiso con la diversidad<\/p>\n\n\n\n<p>Lugares de entrega:<\/p>\n\n\n\n<p>&#8211; Oficinas de la SIDS<\/p>\n\n\n\n<p>&#8211; Direcci\u00f3n para Promover la Igualdad y Prevenir la Discriminaci\u00f3n del Estado<\/p>\n\n\n\n<p>&#8211; Escuelas de la Secretar\u00eda de Educaci\u00f3n P\u00fablica, Mejora Coahuila y U. A. de C.<\/p>\n\n\n\n<p>Los ganadores ser\u00e1n notificados personalmente el 29 de abril del 2025.&nbsp;<\/p>\n\n\n\n<p>\u201cLa instrucci\u00f3n del gobernador Manolo Jim\u00e9nez es clara: involucrar a todos los sectores de la sociedad, especialmente a las juventudes, adolescencias e infancias, para que sean part\u00edcipes activos del desarrollo de Coahuila. Esto implica escuchar sus puntos de vista y propuestas para abordar las necesidades de los grupos vulnerabilizados\u201d. Finaliz\u00f3 Mart\u00ednez y Morales.<\/p>\n\n\n\n<p><\/p>\n","protected":false},"excerpt":{"rendered":"<p>\u00danete al cambi\u00f3, Convocatoria de la 5ta edici\u00f3n del concurso de dibujo #YoPorLaInclusi\u00f3n Saltillo, Coahuila de Zaragoza&nbsp; 10 de marzo del 2025.- El gobierno de Coahuila a trav\u00e9s de la Secretar\u00eda de Inclusi\u00f3n y Desarrollo Social invita a la 5ta edici\u00f3n del concurso estatal de dibujo \u00ab#YoPorLaInclusi\u00f3n\u00bb, dirigido a personas entre 10 y 21 a\u00f1os.&nbsp; [&hellip;]<\/p>\n","protected":false},"author":4,"featured_media":15177,"comment_status":"open","ping_status":"open","sticky":false,"template":"","format":"standard","meta":[],"categories":[4],"tags":[],"_links":{"self":[{"href":"https:\/\/alertasaltillo.com\/index.php\/wp-json\/wp\/v2\/posts\/15176"}],"collection":[{"href":"https:\/\/alertasaltillo.com\/index.php\/wp-json\/wp\/v2\/posts"}],"about":[{"href":"https:\/\/alertasaltillo.com\/index.php\/wp-json\/wp\/v2\/types\/post"}],"author":[{"embeddable":true,"href":"https:\/\/alertasaltillo.com\/index.php\/wp-json\/wp\/v2\/users\/4"}],"replies":[{"embeddable":true,"href":"https:\/\/alertasaltillo.com\/index.php\/wp-json\/wp\/v2\/comments?post=15176"}],"version-history":[{"count":1,"href":"https:\/\/alertasaltillo.com\/index.php\/wp-json\/wp\/v2\/posts\/15176\/revisions"}],"predecessor-version":[{"id":15178,"href":"https:\/\/alertasaltillo.com\/index.php\/wp-json\/wp\/v2\/posts\/15176\/revisions\/15178"}],"wp:featuredmedia":[{"embeddable":true,"href":"https:\/\/alertasaltillo.com\/index.php\/wp-json\/wp\/v2\/media\/15177"}],"wp:attachment":[{"href":"https:\/\/alertasaltillo.com\/index.php\/wp-json\/wp\/v2\/media?parent=15176"}],"wp:term":[{"taxonomy":"category","embeddable":true,"href":"https:\/\/alertasaltillo.com\/index.php\/wp-json\/wp\/v2\/categories?post=15176"},{"taxonomy":"post_tag","embeddable":true,"href":"https:\/\/alertasaltillo.com\/index.php\/wp-json\/wp\/v2\/tags?post=15176"}],"curies":[{"name":"wp","href":"https:\/\/api.w.org\/{rel}","templated":true}]}}