{"id":15040,"date":"2025-03-07T14:03:18","date_gmt":"2025-03-07T14:03:18","guid":{"rendered":"https:\/\/alertasaltillo.com\/?p=15040"},"modified":"2025-03-07T14:03:21","modified_gmt":"2025-03-07T14:03:21","slug":"la-profecia-de-los-papas-el-fin-del-mundo-esta-segun-un-antiguo-libro-del-vaticano","status":"publish","type":"post","link":"https:\/\/alertasaltillo.com\/index.php\/2025\/03\/07\/la-profecia-de-los-papas-el-fin-del-mundo-esta-segun-un-antiguo-libro-del-vaticano\/","title":{"rendered":"\u00abLA PROFEC\u00cdA DE LOS PAPAS\u00bb: EL FIN DEL MUNDO EST\u00c1 SEG\u00daN UN ANTIGUO LIBRO DEL VATICANO"},"content":{"rendered":"\n<p>Este manuscrito hallado en los archivos de la Santa Sede contiene 112 enigm\u00e1ticas frases en lat\u00edn que describen a cada uno de los papas y revela la fecha del d\u00eda del juicio final<\/p>\n\n\n\n<p>Un antiguo<strong>&nbsp;libro del Vaticano<\/strong>, con m\u00e1s de 900 a\u00f1os de antig\u00fcedad, llam\u00f3 la atenci\u00f3n al contener&nbsp;un pasaje que supuestamente revela que el fin el mundo est\u00e1 cerca. El antiguo texto,&nbsp;conocido como&nbsp;la \u201c<strong>Profec\u00eda de los Papas<\/strong>\u201d,&nbsp;se le atribuye a&nbsp;<strong>San Malaqu\u00edas<\/strong>&nbsp;y data del siglo XII.&nbsp;<\/p>\n\n\n\n<p>Seg\u00fan sus int\u00e9rpretes, este manuscrito, hallado en los archivos del&nbsp;<strong>Vaticano<\/strong>, contiene 112 enigm\u00e1ticas frases en lat\u00edn que describen a cada uno de los papas, desde Celestino II en 1143&nbsp;hasta el actual Santo Padre&nbsp;<strong>Francisco<\/strong>.&nbsp;Pero lo m\u00e1s inquietante de esta obra es que no solo habr\u00eda anticipado la sucesi\u00f3n papal a lo largo de los siglos, sino que tambi\u00e9n&nbsp;se\u00f1alar\u00eda el momento exacto en que ocurrir\u00e1 el&nbsp;juicio final.&nbsp;<\/p>\n\n\n\n<p>Seg\u00fan la creencia cristiana, en el<strong>\u00a0D\u00eda del Juicio Final<\/strong>\u00a0es el momento en que Jes\u00fas regresar\u00e1 al mundo. Y este dato aparece en la \u00ab<strong>Profec\u00eda de los Papas<\/strong>\u00bb\u00a0marcando una fecha exacta del fin de la humanidad. Ya que en este antiguo manuscrito,\u00a0el fin del mundo llegar\u00eda en alg\u00fan momento de 2027, y dejar\u00eda a la humanidad con dos a\u00f1os de vida antes de su perdici\u00f3n. \u00a0<\/p>\n\n\n\n<p>Con Informaci\u00f3n tomada de EL HERALDO DE M\u00c9XICO<\/p>\n","protected":false},"excerpt":{"rendered":"<p>Este manuscrito hallado en los archivos de la Santa Sede contiene 112 enigm\u00e1ticas frases en lat\u00edn que describen a cada uno de los papas y revela la fecha del d\u00eda del juicio final Un antiguo&nbsp;libro del Vaticano, con m\u00e1s de 900 a\u00f1os de antig\u00fcedad, llam\u00f3 la atenci\u00f3n al contener&nbsp;un pasaje que supuestamente revela que el [&hellip;]<\/p>\n","protected":false},"author":4,"featured_media":15041,"comment_status":"open","ping_status":"open","sticky":false,"template":"","format":"standard","meta":[],"categories":[206],"tags":[],"_links":{"self":[{"href":"https:\/\/alertasaltillo.com\/index.php\/wp-json\/wp\/v2\/posts\/15040"}],"collection":[{"href":"https:\/\/alertasaltillo.com\/index.php\/wp-json\/wp\/v2\/posts"}],"about":[{"href":"https:\/\/alertasaltillo.com\/index.php\/wp-json\/wp\/v2\/types\/post"}],"author":[{"embeddable":true,"href":"https:\/\/alertasaltillo.com\/index.php\/wp-json\/wp\/v2\/users\/4"}],"replies":[{"embeddable":true,"href":"https:\/\/alertasaltillo.com\/index.php\/wp-json\/wp\/v2\/comments?post=15040"}],"version-history":[{"count":1,"href":"https:\/\/alertasaltillo.com\/index.php\/wp-json\/wp\/v2\/posts\/15040\/revisions"}],"predecessor-version":[{"id":15042,"href":"https:\/\/alertasaltillo.com\/index.php\/wp-json\/wp\/v2\/posts\/15040\/revisions\/15042"}],"wp:featuredmedia":[{"embeddable":true,"href":"https:\/\/alertasaltillo.com\/index.php\/wp-json\/wp\/v2\/media\/15041"}],"wp:attachment":[{"href":"https:\/\/alertasaltillo.com\/index.php\/wp-json\/wp\/v2\/media?parent=15040"}],"wp:term":[{"taxonomy":"category","embeddable":true,"href":"https:\/\/alertasaltillo.com\/index.php\/wp-json\/wp\/v2\/categories?post=15040"},{"taxonomy":"post_tag","embeddable":true,"href":"https:\/\/alertasaltillo.com\/index.php\/wp-json\/wp\/v2\/tags?post=15040"}],"curies":[{"name":"wp","href":"https:\/\/api.w.org\/{rel}","templated":true}]}}