{"id":14913,"date":"2025-02-27T22:57:41","date_gmt":"2025-02-27T22:57:41","guid":{"rendered":"https:\/\/alertasaltillo.com\/?p=14913"},"modified":"2025-02-27T22:57:42","modified_gmt":"2025-02-27T22:57:42","slug":"fofo-marquez-de-piedras-negras-da-brutal-golpiza-a-abuelito","status":"publish","type":"post","link":"https:\/\/alertasaltillo.com\/index.php\/2025\/02\/27\/fofo-marquez-de-piedras-negras-da-brutal-golpiza-a-abuelito\/","title":{"rendered":"&#8216;FOFO&#8217; M\u00c1RQUEZ DE PIEDRAS NEGRAS DA BRUTAL GOLPIZA A ABUELITO"},"content":{"rendered":"\n<p><\/p>\n\n\n\n<h2>El agresor fue identificado como Abraham \u201cN\u201d y le fractur\u00f3 la nariz al abuelito<\/h2>\n\n\n\n<p><strong>\u201cMe mataste a mi perro, pende\u2026\u201d<\/strong>, grit\u00f3 un tipo enfurecido a Daniel, una persona de la tercera edad que atropell\u00f3 con su camioneta a un lomito.&nbsp;<\/p>\n\n\n\n<p>El due\u00f1o del perrito, que fue identificado como\u00a0<strong>Abraham \u201cN\u201d<\/strong>, encar\u00f3 al abuelito y le propin\u00f3 dos pu\u00f1etazos en el rostro, caus\u00e1ndole una\u00a0<strong>fractura en la nariz.<\/strong><\/p>\n\n\n\n<blockquote class=\"wp-block-quote\">\n<p>Le aplastaste toda la cabeza. Vas a pagar\u201d, encar\u00f3 Abraham \u201cN\u201d al abuelito de 83 a\u00f1os. \u201cNi tu identificaci\u00f3n me quieres dar. \u00a1Ya lo mataste!\u201d.<\/p>\n<\/blockquote>\n\n\n\n<p>En tanto, algunos testigos marcaron al n\u00famero de emergencias 911. \u201cUna ambulancia por favor y aqu\u00ed queremos a seguridad p\u00fablica\u201d, se escuch\u00f3.<\/p>\n\n\n\n<p>Con Informaci\u00f3n tomada de EXC\u00c9LSIOR<\/p>\n","protected":false},"excerpt":{"rendered":"<p>El agresor fue identificado como Abraham \u201cN\u201d y le fractur\u00f3 la nariz al abuelito \u201cMe mataste a mi perro, pende\u2026\u201d, grit\u00f3 un tipo enfurecido a Daniel, una persona de la tercera edad que atropell\u00f3 con su camioneta a un lomito.&nbsp; El due\u00f1o del perrito, que fue identificado como\u00a0Abraham \u201cN\u201d, encar\u00f3 al abuelito y le propin\u00f3 [&hellip;]<\/p>\n","protected":false},"author":4,"featured_media":0,"comment_status":"open","ping_status":"open","sticky":false,"template":"","format":"standard","meta":[],"categories":[8],"tags":[],"_links":{"self":[{"href":"https:\/\/alertasaltillo.com\/index.php\/wp-json\/wp\/v2\/posts\/14913"}],"collection":[{"href":"https:\/\/alertasaltillo.com\/index.php\/wp-json\/wp\/v2\/posts"}],"about":[{"href":"https:\/\/alertasaltillo.com\/index.php\/wp-json\/wp\/v2\/types\/post"}],"author":[{"embeddable":true,"href":"https:\/\/alertasaltillo.com\/index.php\/wp-json\/wp\/v2\/users\/4"}],"replies":[{"embeddable":true,"href":"https:\/\/alertasaltillo.com\/index.php\/wp-json\/wp\/v2\/comments?post=14913"}],"version-history":[{"count":1,"href":"https:\/\/alertasaltillo.com\/index.php\/wp-json\/wp\/v2\/posts\/14913\/revisions"}],"predecessor-version":[{"id":14914,"href":"https:\/\/alertasaltillo.com\/index.php\/wp-json\/wp\/v2\/posts\/14913\/revisions\/14914"}],"wp:attachment":[{"href":"https:\/\/alertasaltillo.com\/index.php\/wp-json\/wp\/v2\/media?parent=14913"}],"wp:term":[{"taxonomy":"category","embeddable":true,"href":"https:\/\/alertasaltillo.com\/index.php\/wp-json\/wp\/v2\/categories?post=14913"},{"taxonomy":"post_tag","embeddable":true,"href":"https:\/\/alertasaltillo.com\/index.php\/wp-json\/wp\/v2\/tags?post=14913"}],"curies":[{"name":"wp","href":"https:\/\/api.w.org\/{rel}","templated":true}]}}