{"id":14795,"date":"2025-02-23T22:37:18","date_gmt":"2025-02-23T22:37:18","guid":{"rendered":"https:\/\/alertasaltillo.com\/?p=14795"},"modified":"2025-02-23T22:37:20","modified_gmt":"2025-02-23T22:37:20","slug":"la-atencion-a-la-ciudadania-es-fundamental-javier-diaz","status":"publish","type":"post","link":"https:\/\/alertasaltillo.com\/index.php\/2025\/02\/23\/la-atencion-a-la-ciudadania-es-fundamental-javier-diaz\/","title":{"rendered":"LA ATENCI\u00d3N A LA CIUDADAN\u00cdA ES FUNDAMENTAL: JAVIER D\u00ccAZ"},"content":{"rendered":"\n<p><em>Encabeza el alcalde Reuni\u00f3n de Gabinete y realiza un balance de los primeros 50 d\u00edas de la administraci\u00f3n municipal<\/em><\/p>\n\n\n\n<p>Saltillo, Coahuila de Zaragoza; 22 de febrero de 2025.- El alcalde de Saltillo, Javier D\u00edaz Gonz\u00e1lez, encabez\u00f3 la reuni\u00f3n de Gabinete, en la que instruy\u00f3 a las y los directores de su equipo de trabajo estar cerca de la ciudadan\u00eda, atender todas las gestiones y seguir desempe\u00f1ando sus responsabilidades con empat\u00eda y profesionalismo.<\/p>\n\n\n\n<p>Al destacar que ha sido positivo el balance de los primeros 53 d\u00edas de su administraci\u00f3n, el mun\u00edcipe indic\u00f3 que hay que redoblar esfuerzos para llegar a todas las colonias y ejidos con acciones de seguridad, bacheo, pavimentaci\u00f3n, limpieza y servicios p\u00fablicos.<\/p>\n\n\n\n<p>D\u00edaz Gonz\u00e1lez consider\u00f3 que hasta el momento se ha hecho un intenso trabajo para atender las principales necesidades de la ciudad y reiter\u00f3 que la prioridad de prioridades es el tema de seguridad.<\/p>\n\n\n\n<p>\u201cHemos hecho un buen equipo entre las diferentes \u00e1reas del Gobierno Municipal y a la vez es s\u00f3lida la coordinaci\u00f3n con el gobernador Manolo Jim\u00e9nez Salinas, con las fuerzas de seguridad, la iniciativa privada y la sociedad civil\u201d, comparti\u00f3 el alcalde D\u00edaz Gonz\u00e1lez.<\/p>\n\n\n\n<p>El Edil afirm\u00f3 que, adem\u00e1s de las tareas de seguridad, el programa \u201cAqu\u00ed Andamos\u201d, ha sido muy bien recibido por parte de la ciudadan\u00eda, ya que llegan no solo a las principales avenidas de la ciudad, sino tambi\u00e9n al interior de las colonias.<\/p>\n\n\n\n<p>Javier D\u00edaz reconoci\u00f3 el trabajo que han realizado las brigadas de la Direcci\u00f3n de Medio Ambiente y Desarrollo Sustentable, Direcci\u00f3n de Servicios P\u00fablicos, y la Direcci\u00f3n de Infraestructura y Obra P\u00fablica, en tareas de limpieza, mantenimiento y embellecimiento de las \u00e1reas p\u00fablicas.<\/p>\n\n\n\n<p>Durante la reuni\u00f3n, se revisaron las acciones que se han concretado, las que est\u00e1n en marcha, as\u00ed como los proyectos que se implementar\u00e1n a corto, mediano y largo plazo.<\/p>\n\n\n\n<p>Finalmente, D\u00edaz Gonz\u00e1lez exhort\u00f3 a las y los integrantes de su gabinete a mantener el ritmo de trabajo, adem\u00e1s afirm\u00f3 que todas las acciones que se concretan en su gobierno est\u00e1n pensadas en mejorar la calidad de vida de la poblaci\u00f3n.<\/p>\n\n\n\n<p><\/p>\n","protected":false},"excerpt":{"rendered":"<p>Encabeza el alcalde Reuni\u00f3n de Gabinete y realiza un balance de los primeros 50 d\u00edas de la administraci\u00f3n municipal Saltillo, Coahuila de Zaragoza; 22 de febrero de 2025.- El alcalde de Saltillo, Javier D\u00edaz Gonz\u00e1lez, encabez\u00f3 la reuni\u00f3n de Gabinete, en la que instruy\u00f3 a las y los directores de su equipo de trabajo estar [&hellip;]<\/p>\n","protected":false},"author":4,"featured_media":14796,"comment_status":"open","ping_status":"open","sticky":false,"template":"","format":"standard","meta":[],"categories":[5],"tags":[],"_links":{"self":[{"href":"https:\/\/alertasaltillo.com\/index.php\/wp-json\/wp\/v2\/posts\/14795"}],"collection":[{"href":"https:\/\/alertasaltillo.com\/index.php\/wp-json\/wp\/v2\/posts"}],"about":[{"href":"https:\/\/alertasaltillo.com\/index.php\/wp-json\/wp\/v2\/types\/post"}],"author":[{"embeddable":true,"href":"https:\/\/alertasaltillo.com\/index.php\/wp-json\/wp\/v2\/users\/4"}],"replies":[{"embeddable":true,"href":"https:\/\/alertasaltillo.com\/index.php\/wp-json\/wp\/v2\/comments?post=14795"}],"version-history":[{"count":1,"href":"https:\/\/alertasaltillo.com\/index.php\/wp-json\/wp\/v2\/posts\/14795\/revisions"}],"predecessor-version":[{"id":14797,"href":"https:\/\/alertasaltillo.com\/index.php\/wp-json\/wp\/v2\/posts\/14795\/revisions\/14797"}],"wp:featuredmedia":[{"embeddable":true,"href":"https:\/\/alertasaltillo.com\/index.php\/wp-json\/wp\/v2\/media\/14796"}],"wp:attachment":[{"href":"https:\/\/alertasaltillo.com\/index.php\/wp-json\/wp\/v2\/media?parent=14795"}],"wp:term":[{"taxonomy":"category","embeddable":true,"href":"https:\/\/alertasaltillo.com\/index.php\/wp-json\/wp\/v2\/categories?post=14795"},{"taxonomy":"post_tag","embeddable":true,"href":"https:\/\/alertasaltillo.com\/index.php\/wp-json\/wp\/v2\/tags?post=14795"}],"curies":[{"name":"wp","href":"https:\/\/api.w.org\/{rel}","templated":true}]}}