{"id":14789,"date":"2025-02-23T22:26:34","date_gmt":"2025-02-23T22:26:34","guid":{"rendered":"https:\/\/alertasaltillo.com\/?p=14789"},"modified":"2025-02-23T22:27:03","modified_gmt":"2025-02-23T22:27:03","slug":"vengan-a-ayudarme-duena-de-taller-mecanico-en-eu-se-queja-de-deportaciones","status":"publish","type":"post","link":"https:\/\/alertasaltillo.com\/index.php\/2025\/02\/23\/vengan-a-ayudarme-duena-de-taller-mecanico-en-eu-se-queja-de-deportaciones\/","title":{"rendered":"\u00abVENGAN A AYUDARME\u00bb DUE\u00d1A DE TALLER MEC\u00c1NICO EN EU SE QUEJA DE DEPORTACIONES"},"content":{"rendered":"\n<p>Cada d\u00eda,<strong>\u00a0TikTok<\/strong>\u00a0ofrece videos en los que se pueden apreciar diversas situaciones que ocurren en el mundo. Muchas personas documentan procesos que formar\u00e1n parte de la historia de cada naci\u00f3n y, actualmente, las deportaciones en Estados Unidos es uno de los que se est\u00e1 llevando la mayor\u00eda de las miradas.<\/p>\n\n\n\n<p>Al respecto, hoy te contaremos sobre una ciudadana estadounidense que se volvi\u00f3 viral en TikTok al exponer la actualidad de su taller mec\u00e1nico luego de que sus empleados mexicanos fueran deportados. La mujer es conocida como<strong><em>\u00a0\u201cLa G\u00fcera\u201d\u00a0<\/em><\/strong>y comparti\u00f3 el video en la cuenta\u00a0<strong>@alexh6207<\/strong>\u00a0dando lugar a un gran debate.<\/p>\n\n\n\n<p><strong><em>\u201cVali\u00f3 madre. La migra vino y se llev\u00f3 a todos mis trabajadores. Tengo que hacer de todo yo, por culpa del Trompas\u201d,<\/em><\/strong>\u00a0expresa la mujer visiblemente molesta por lo sucedido. El video tiene una carga de humor tambi\u00e9n, pero da cuenta sobre c\u00f3mo las deportaciones pueden impactar en empresas estadounidenses<\/p>\n\n\n\n<p>Con Informaci\u00f3n tomada de EL DIARIO DE COAHUILA<\/p>\n","protected":false},"excerpt":{"rendered":"<p>Cada d\u00eda,\u00a0TikTok\u00a0ofrece videos en los que se pueden apreciar diversas situaciones que ocurren en el mundo. Muchas personas documentan procesos que formar\u00e1n parte de la historia de cada naci\u00f3n y, actualmente, las deportaciones en Estados Unidos es uno de los que se est\u00e1 llevando la mayor\u00eda de las miradas. Al respecto, hoy te contaremos sobre [&hellip;]<\/p>\n","protected":false},"author":4,"featured_media":14791,"comment_status":"open","ping_status":"open","sticky":false,"template":"","format":"standard","meta":[],"categories":[8],"tags":[],"_links":{"self":[{"href":"https:\/\/alertasaltillo.com\/index.php\/wp-json\/wp\/v2\/posts\/14789"}],"collection":[{"href":"https:\/\/alertasaltillo.com\/index.php\/wp-json\/wp\/v2\/posts"}],"about":[{"href":"https:\/\/alertasaltillo.com\/index.php\/wp-json\/wp\/v2\/types\/post"}],"author":[{"embeddable":true,"href":"https:\/\/alertasaltillo.com\/index.php\/wp-json\/wp\/v2\/users\/4"}],"replies":[{"embeddable":true,"href":"https:\/\/alertasaltillo.com\/index.php\/wp-json\/wp\/v2\/comments?post=14789"}],"version-history":[{"count":1,"href":"https:\/\/alertasaltillo.com\/index.php\/wp-json\/wp\/v2\/posts\/14789\/revisions"}],"predecessor-version":[{"id":14790,"href":"https:\/\/alertasaltillo.com\/index.php\/wp-json\/wp\/v2\/posts\/14789\/revisions\/14790"}],"wp:featuredmedia":[{"embeddable":true,"href":"https:\/\/alertasaltillo.com\/index.php\/wp-json\/wp\/v2\/media\/14791"}],"wp:attachment":[{"href":"https:\/\/alertasaltillo.com\/index.php\/wp-json\/wp\/v2\/media?parent=14789"}],"wp:term":[{"taxonomy":"category","embeddable":true,"href":"https:\/\/alertasaltillo.com\/index.php\/wp-json\/wp\/v2\/categories?post=14789"},{"taxonomy":"post_tag","embeddable":true,"href":"https:\/\/alertasaltillo.com\/index.php\/wp-json\/wp\/v2\/tags?post=14789"}],"curies":[{"name":"wp","href":"https:\/\/api.w.org\/{rel}","templated":true}]}}