{"id":14702,"date":"2025-02-21T20:28:20","date_gmt":"2025-02-21T20:28:20","guid":{"rendered":"https:\/\/alertasaltillo.com\/?p=14702"},"modified":"2025-02-21T20:28:23","modified_gmt":"2025-02-21T20:28:23","slug":"hombre-arranca-la-oreja-a-su-oponente-durante-una-pelea-en-pachuca","status":"publish","type":"post","link":"https:\/\/alertasaltillo.com\/index.php\/2025\/02\/21\/hombre-arranca-la-oreja-a-su-oponente-durante-una-pelea-en-pachuca\/","title":{"rendered":"HOMBRE ARRANCA LA OREJA A SU OPONENTE DURANTE UNA PELEA EN PACHUCA"},"content":{"rendered":"\n<h2>Violenta pelea en la Central de Abastos de Pachuca dej\u00f3 como saldo un hombre sin una parte de su oreja tras el enfrentamiento.<\/h2>\n\n\n\n<p>Un hombre perdi\u00f3 una oreja en medio de una pelea en la<strong>&nbsp;Central de Abastos de Pachuca<\/strong>. Los hechos quedaron registrados en video y locatarios han exigido a las autoridades tomar el caso.<\/p>\n\n\n\n<p>Seg\u00fan testigos, uno de los involucrados en la ri\u00f1a perdi\u00f3 el control y le arranc\u00f3 la oreja a su rival en medio de la pelea.<\/p>\n\n\n\n<p>El enfrentamiento comenz\u00f3 con una discusi\u00f3n que r\u00e1pidamente escal\u00f3 a los golpes. Testigos observaron c\u00f3mo<strong>\u00a0los dos hombres se sujetaban de las camisetas<\/strong>\u00a0mientras intercambiaban pu\u00f1etazos, generando caos entre los locatarios.<\/p>\n\n\n\n<p>A pesar de la intervenci\u00f3n de algunas personas para intentar separarlos, la situaci\u00f3n tom\u00f3 un giro inesperado cuando uno de los agresores mordi\u00f3 a su oponente con tal fuerza que<strong>&nbsp;le arranc\u00f3 parte de la oreja.<\/strong><\/p>\n\n\n\n<p>Con Informaci\u00f3n tomada de EXC\u00c9LSIOR<\/p>\n","protected":false},"excerpt":{"rendered":"<p>Violenta pelea en la Central de Abastos de Pachuca dej\u00f3 como saldo un hombre sin una parte de su oreja tras el enfrentamiento. Un hombre perdi\u00f3 una oreja en medio de una pelea en la&nbsp;Central de Abastos de Pachuca. Los hechos quedaron registrados en video y locatarios han exigido a las autoridades tomar el caso. [&hellip;]<\/p>\n","protected":false},"author":4,"featured_media":14703,"comment_status":"open","ping_status":"open","sticky":false,"template":"","format":"standard","meta":[],"categories":[8],"tags":[],"_links":{"self":[{"href":"https:\/\/alertasaltillo.com\/index.php\/wp-json\/wp\/v2\/posts\/14702"}],"collection":[{"href":"https:\/\/alertasaltillo.com\/index.php\/wp-json\/wp\/v2\/posts"}],"about":[{"href":"https:\/\/alertasaltillo.com\/index.php\/wp-json\/wp\/v2\/types\/post"}],"author":[{"embeddable":true,"href":"https:\/\/alertasaltillo.com\/index.php\/wp-json\/wp\/v2\/users\/4"}],"replies":[{"embeddable":true,"href":"https:\/\/alertasaltillo.com\/index.php\/wp-json\/wp\/v2\/comments?post=14702"}],"version-history":[{"count":1,"href":"https:\/\/alertasaltillo.com\/index.php\/wp-json\/wp\/v2\/posts\/14702\/revisions"}],"predecessor-version":[{"id":14704,"href":"https:\/\/alertasaltillo.com\/index.php\/wp-json\/wp\/v2\/posts\/14702\/revisions\/14704"}],"wp:featuredmedia":[{"embeddable":true,"href":"https:\/\/alertasaltillo.com\/index.php\/wp-json\/wp\/v2\/media\/14703"}],"wp:attachment":[{"href":"https:\/\/alertasaltillo.com\/index.php\/wp-json\/wp\/v2\/media?parent=14702"}],"wp:term":[{"taxonomy":"category","embeddable":true,"href":"https:\/\/alertasaltillo.com\/index.php\/wp-json\/wp\/v2\/categories?post=14702"},{"taxonomy":"post_tag","embeddable":true,"href":"https:\/\/alertasaltillo.com\/index.php\/wp-json\/wp\/v2\/tags?post=14702"}],"curies":[{"name":"wp","href":"https:\/\/api.w.org\/{rel}","templated":true}]}}