{"id":14687,"date":"2025-02-18T18:38:38","date_gmt":"2025-02-18T18:38:38","guid":{"rendered":"https:\/\/alertasaltillo.com\/?p=14687"},"modified":"2025-02-18T18:38:47","modified_gmt":"2025-02-18T18:38:47","slug":"gobierno-estatal-y-proteccion-civil-nacional-unen-esfuerzos-en-coahuila","status":"publish","type":"post","link":"https:\/\/alertasaltillo.com\/index.php\/2025\/02\/18\/gobierno-estatal-y-proteccion-civil-nacional-unen-esfuerzos-en-coahuila\/","title":{"rendered":"GOBIERNO ESTATAL Y PROTECCI\u00d3N CIVIL NACIONAL UNEN ESFUERZOS EN COAHUILA"},"content":{"rendered":"\n<p><\/p>\n\n\n\n<p>\u00b7&nbsp;&nbsp;&nbsp;&nbsp;&nbsp;&nbsp;<strong><em>Destaca Manolo labor coordinada en el rescate de \u00abEl Pinabete\u00bb<\/em><\/strong><\/p>\n\n\n\n<p>\u00b7&nbsp;&nbsp;&nbsp;&nbsp;&nbsp;&nbsp;<strong><em>Se re\u00fane Gobernador de Coahuila con la titular de Protecci\u00f3n Civil federal, Laura Vel\u00e1zquez Alz\u00faa<\/em><\/strong><\/p>\n\n\n\n<p>Saltillo, Coahuila de Zaragoza; a 17 de febrero de 2025.- El gobernador Manolo Jim\u00e9nez Salinas destac\u00f3 la labor coordinada que se realiz\u00f3 entre autoridades de los tres \u00f3rdenes de gobierno y la sociedad civil en los trabajos de b\u00fasqueda y recuperaci\u00f3n de los mineros atrapados en la mina \u201cEl Pinabete\u201d, durante la reuni\u00f3n que sostuvo con la coordinadora nacional de Protecci\u00f3n Civil, Laura Vel\u00e1zquez Alz\u00faa, en la que se fortalecieron las acciones de prevenci\u00f3n, preparaci\u00f3n y mejoramiento de la capacidad de respuesta ante las emergencias que se presentan con mayor frecuencia a esa entidad.<\/p>\n\n\n\n<p>En esta mesa de trabajo, el Mandatario estatal destac\u00f3 que el trabajo coordinado entre los tres \u00f3rdenes de gobierno siempre da mejores resultados en cualquier \u00e1mbito en el que se lleve a cabo; en esta ocasi\u00f3n, en el tema de protecci\u00f3n civil.<\/p>\n\n\n\n<p>Manolo Jim\u00e9nez reconoci\u00f3 el trabajo en conjunto entre la Federaci\u00f3n, el Estado y la Fiscal\u00eda General del Estado que se realiz\u00f3 en la mina \u201cEl Pinabete\u201d, en Sabinas, gracias al cual se logr\u00f3 el rescate de los restos de los 10 mineros que quedaron atrapados en este lugar.&nbsp;<\/p>\n\n\n\n<p>En ese sentido, Federico Fern\u00e1ndez Monta\u00f1ez, fiscal general del Estado, reconoci\u00f3 y destac\u00f3 los resultados que se obtuvieron en las labores de rescate gracias al mando unificado coordinado entre instancias de los tres \u00f3rdenes de gobierno, as\u00ed como de la sociedad civil.<\/p>\n\n\n\n<p>Record\u00f3 que el 3 de agosto de 2022 fue cuando se recibi\u00f3 el reporte de un accidente en la mina \u201cEl Pinabete\u201d, en la Villa de Agujita, municipio de Sabinas, en donde 10 trabajadores quedaron atrapados tras inundarse la mina.<\/p>\n\n\n\n<p>Inform\u00f3 que desde entonces hasta la fecha, la FGE ha practicado una cantidad importante de diligencias ministeriales y de investigaci\u00f3n, pero tambi\u00e9n que tambi\u00e9n lo ha hecho la Fiscal\u00eda General de la Rep\u00fablica.<\/p>\n\n\n\n<p>Mencion\u00f3 que el 17 de diciembre de 2023, integrantes del grupo de identificaci\u00f3n humana de la FGE, pudieron ingresar a la mina para la b\u00fasqueda, localizaci\u00f3n, recuperaci\u00f3n e identificaci\u00f3n de los restos humanos de los trabajadores.<\/p>\n\n\n\n<p>Asimismo y de manera respetuosa, inform\u00f3 los d\u00edas y \u00e1reas dentro de la mina en que fueron localizados y rescatados cada uno de los 10 cuerpos de los mineros, desde el 27 de diciembre de 2023 en que se localiz\u00f3 el primero de ellos, hasta al pasado 14 de febrero de 2025, fecha en que se rescat\u00f3 el \u00faltimo cuerpo.<\/p>\n\n\n\n<p>Agradeci\u00f3 a los cientos de trabajadores que participaron en dichas tareas de rescate, as\u00ed como al Gobierno Federal que no escatim\u00f3 en recursos humanos y materiales para poder entregar los cuerpos de los trabajadores a sus respectivas familias.<\/p>\n\n\n\n<p>De igual manera, reconoci\u00f3 el compromiso del gobernador Manolo Jim\u00e9nez, quien ha instruido a todos los miembros de su gabinete, as\u00ed como solicit\u00f3 a la fiscal\u00eda estatal, a estar cercanos y pendientes de las necesidades de las familias, y estar en estrecha comunicaci\u00f3n con este grupo interdisciplinario.<\/p>\n\n\n\n<p>Laura Vel\u00e1zquez Alz\u00faa, titular de Protecci\u00f3n Civil federal, reiter\u00f3 que el pasado 14 de febrero se recuper\u00f3 el cuerpo del \u00faltimo de los 10 mineros que quedaron atrapados en \u201cEl Pinabete\u201d.<\/p>\n\n\n\n<p>\u201cCon esta recuperaci\u00f3n llegamos a la conclusi\u00f3n de los esfuerzos compartidos entre los tres niveles de gobierno que, por m\u00e1s de 926 d\u00edas ininterrumpidos, las 24 horas del d\u00eda, lo hicieron para encontrar a cada uno de los 10 mineros y devolverlos a sus familiares\u201d, mencion\u00f3.<\/p>\n\n\n\n<p>Agreg\u00f3 que cada 15 d\u00edas se informaba a las familias sobre los avances en los trabajos de recuperaci\u00f3n.<\/p>\n\n\n\n<p>Agradeci\u00f3 la colaboraci\u00f3n del personal especializado de la CFE, de la CNPC, as\u00ed como de la Defensa y de la FGE, que d\u00eda y noche participaron en las tareas de recuperaci\u00f3n de los mineros, trabajos que, dijo, no tienen precedentes.<\/p>\n\n\n\n<p>Adem\u00e1s, en la reuni\u00f3n con la titular de Protecci\u00f3n federal, el gobernador Manolo Jim\u00e9nez se\u00f1al\u00f3 que, de la mano con la federaci\u00f3n, se reforzar\u00e1n las labores de prevenci\u00f3n y atenci\u00f3n de emergencias en la entidad, como desastres naturales y atenci\u00f3n y combate a incendios forestales, en coordinaci\u00f3n con la CONAFOR, por lo que en esta mesa de trabajo se expusieron los apoyos que desde el gobierno federal se pueden otorgar al estado para tal fin, adem\u00e1s de que se estar\u00e1n combinando recursos para llevar a cabo algunos programas y acciones en ese sentido.<\/p>\n","protected":false},"excerpt":{"rendered":"<p>\u00b7&nbsp;&nbsp;&nbsp;&nbsp;&nbsp;&nbsp;Destaca Manolo labor coordinada en el rescate de \u00abEl Pinabete\u00bb \u00b7&nbsp;&nbsp;&nbsp;&nbsp;&nbsp;&nbsp;Se re\u00fane Gobernador de Coahuila con la titular de Protecci\u00f3n Civil federal, Laura Vel\u00e1zquez Alz\u00faa Saltillo, Coahuila de Zaragoza; a 17 de febrero de 2025.- El gobernador Manolo Jim\u00e9nez Salinas destac\u00f3 la labor coordinada que se realiz\u00f3 entre autoridades de los tres \u00f3rdenes de gobierno [&hellip;]<\/p>\n","protected":false},"author":4,"featured_media":14688,"comment_status":"open","ping_status":"open","sticky":false,"template":"","format":"standard","meta":[],"categories":[4],"tags":[],"_links":{"self":[{"href":"https:\/\/alertasaltillo.com\/index.php\/wp-json\/wp\/v2\/posts\/14687"}],"collection":[{"href":"https:\/\/alertasaltillo.com\/index.php\/wp-json\/wp\/v2\/posts"}],"about":[{"href":"https:\/\/alertasaltillo.com\/index.php\/wp-json\/wp\/v2\/types\/post"}],"author":[{"embeddable":true,"href":"https:\/\/alertasaltillo.com\/index.php\/wp-json\/wp\/v2\/users\/4"}],"replies":[{"embeddable":true,"href":"https:\/\/alertasaltillo.com\/index.php\/wp-json\/wp\/v2\/comments?post=14687"}],"version-history":[{"count":1,"href":"https:\/\/alertasaltillo.com\/index.php\/wp-json\/wp\/v2\/posts\/14687\/revisions"}],"predecessor-version":[{"id":14689,"href":"https:\/\/alertasaltillo.com\/index.php\/wp-json\/wp\/v2\/posts\/14687\/revisions\/14689"}],"wp:featuredmedia":[{"embeddable":true,"href":"https:\/\/alertasaltillo.com\/index.php\/wp-json\/wp\/v2\/media\/14688"}],"wp:attachment":[{"href":"https:\/\/alertasaltillo.com\/index.php\/wp-json\/wp\/v2\/media?parent=14687"}],"wp:term":[{"taxonomy":"category","embeddable":true,"href":"https:\/\/alertasaltillo.com\/index.php\/wp-json\/wp\/v2\/categories?post=14687"},{"taxonomy":"post_tag","embeddable":true,"href":"https:\/\/alertasaltillo.com\/index.php\/wp-json\/wp\/v2\/tags?post=14687"}],"curies":[{"name":"wp","href":"https:\/\/api.w.org\/{rel}","templated":true}]}}