{"id":14671,"date":"2025-02-17T19:06:55","date_gmt":"2025-02-17T19:06:55","guid":{"rendered":"https:\/\/alertasaltillo.com\/?p=14671"},"modified":"2025-02-17T19:06:58","modified_gmt":"2025-02-17T19:06:58","slug":"murio-paquita-la-del-barrio-famosa-cantante-a-los-77-anos","status":"publish","type":"post","link":"https:\/\/alertasaltillo.com\/index.php\/2025\/02\/17\/murio-paquita-la-del-barrio-famosa-cantante-a-los-77-anos\/","title":{"rendered":"MURI\u00d3 PAQUITA LA DEL BARRIO, FAMOSA CANTANTE A LOS 77 A\u00d1OS"},"content":{"rendered":"\n<h2>Por medio de un comunicado se dio a conocer que la famosa falleci\u00f3 en Veracruz.<\/h2>\n\n\n\n<p><strong><a href=\"https:\/\/www.excelsior.com.mx\/funcion\/biografia-paquita-la-del-barrio-quien-fue-la-cantante-de-rata-de-2-patas\/1579088\" target=\"_blank\" rel=\"noreferrer noopener\">Paquita la del Barrio<\/a><\/strong>, famosa cantante, lamentablemente muri\u00f3 este 17 de febrero.<strong>&nbsp;La noticia fue confirmada a trav\u00e9s de un comunicado que fue compartido&nbsp;<\/strong>en su cuenta oficial de Instagram.<\/p>\n\n\n\n<p>Se comparti\u00f3 que<strong>\u00a0Paquita la del Barrio muri\u00f3 en su casa de Veracruz,<\/strong>\u00a0sin embargo, no se han dado a conocer los detalles de su fallecimiento y la raz\u00f3n por la que perdi\u00f3 la vida.<\/p>\n\n\n\n<p><strong>\u201cCon profundo\u00a0dolor y tristeza, confirmamos el sensible fallecimiento de nuestra querida Paquita la del Barrio en su hogar en Veracruz, siendo una artista \u00fanica e irrepetible que nos dejar\u00e1 una huella imborrable en el coraz\u00f3n de todos los que la conocimos y disfrutamos de su m\u00fasica\u201d.<\/strong><\/p>\n\n\n\n<p>Francisca Viveros Barradas naci\u00f3 el 2 de abril de 1947 en<strong>&nbsp;Alto Lucero, Veracruz, un pueblo cercano a Xalapa.&nbsp;<\/strong><\/p>\n\n\n\n<p>Paquita fue la \u00faltima hija de Aurora Barradas,<strong>&nbsp;quien cuando naci\u00f3 Francisca ya hab\u00eda tenido seis hijos&nbsp;<\/strong>y dos esposos.<\/p>\n\n\n\n<p>Francisca fue producto de una relaci\u00f3n<strong>&nbsp;extramarital de su pap\u00e1 con Aurora Barradas,<\/strong>&nbsp;motivo por el cu\u00e1l no convivi\u00f3 con \u00e9l e incluso en una entrevista cont\u00f3 que lo conoci\u00f3 hasta los 8 a\u00f1os.<\/p>\n\n\n\n<p>Ante la situaci\u00f3n de su madre,\u00a0<strong>Paquita la del Barrio se cr\u00edo con su t\u00eda, quien hab\u00eda perdido a una hija<\/strong>\u00a0y con su abuelita quien viv\u00eda en una finca cafetalera, donde ella tambi\u00e9n trabaj\u00f3.<\/p>\n\n\n\n<p>Con Informaci\u00f3n tomada de EXC\u00c9LSIOR <\/p>\n","protected":false},"excerpt":{"rendered":"<p>Por medio de un comunicado se dio a conocer que la famosa falleci\u00f3 en Veracruz. Paquita la del Barrio, famosa cantante, lamentablemente muri\u00f3 este 17 de febrero.&nbsp;La noticia fue confirmada a trav\u00e9s de un comunicado que fue compartido&nbsp;en su cuenta oficial de Instagram. Se comparti\u00f3 que\u00a0Paquita la del Barrio muri\u00f3 en su casa de Veracruz,\u00a0sin [&hellip;]<\/p>\n","protected":false},"author":4,"featured_media":14672,"comment_status":"open","ping_status":"open","sticky":false,"template":"","format":"standard","meta":[],"categories":[204],"tags":[],"_links":{"self":[{"href":"https:\/\/alertasaltillo.com\/index.php\/wp-json\/wp\/v2\/posts\/14671"}],"collection":[{"href":"https:\/\/alertasaltillo.com\/index.php\/wp-json\/wp\/v2\/posts"}],"about":[{"href":"https:\/\/alertasaltillo.com\/index.php\/wp-json\/wp\/v2\/types\/post"}],"author":[{"embeddable":true,"href":"https:\/\/alertasaltillo.com\/index.php\/wp-json\/wp\/v2\/users\/4"}],"replies":[{"embeddable":true,"href":"https:\/\/alertasaltillo.com\/index.php\/wp-json\/wp\/v2\/comments?post=14671"}],"version-history":[{"count":1,"href":"https:\/\/alertasaltillo.com\/index.php\/wp-json\/wp\/v2\/posts\/14671\/revisions"}],"predecessor-version":[{"id":14673,"href":"https:\/\/alertasaltillo.com\/index.php\/wp-json\/wp\/v2\/posts\/14671\/revisions\/14673"}],"wp:featuredmedia":[{"embeddable":true,"href":"https:\/\/alertasaltillo.com\/index.php\/wp-json\/wp\/v2\/media\/14672"}],"wp:attachment":[{"href":"https:\/\/alertasaltillo.com\/index.php\/wp-json\/wp\/v2\/media?parent=14671"}],"wp:term":[{"taxonomy":"category","embeddable":true,"href":"https:\/\/alertasaltillo.com\/index.php\/wp-json\/wp\/v2\/categories?post=14671"},{"taxonomy":"post_tag","embeddable":true,"href":"https:\/\/alertasaltillo.com\/index.php\/wp-json\/wp\/v2\/tags?post=14671"}],"curies":[{"name":"wp","href":"https:\/\/api.w.org\/{rel}","templated":true}]}}