{"id":14659,"date":"2025-02-17T04:34:24","date_gmt":"2025-02-17T04:34:24","guid":{"rendered":"https:\/\/alertasaltillo.com\/?p=14659"},"modified":"2025-02-17T04:34:28","modified_gmt":"2025-02-17T04:34:28","slug":"emiten-acuerdo-para-implementar-programa-integral-para-mejorar-la-calidad-de-vida-de-las-familias-de-personas-desaparecidas","status":"publish","type":"post","link":"https:\/\/alertasaltillo.com\/index.php\/2025\/02\/17\/emiten-acuerdo-para-implementar-programa-integral-para-mejorar-la-calidad-de-vida-de-las-familias-de-personas-desaparecidas\/","title":{"rendered":"EMITEN ACUERDO PARA IMPLEMENTAR PROGRAMA INTEGRAL PARA MEJORAR LA CALIDAD DE VIDA DE LAS FAMILIAS DE PERSONAS DESAPARECIDAS"},"content":{"rendered":"\n<p><\/p>\n\n\n\n<p>Saltillo, Coahuila de Zaragoza; a 15 de febrero de 2025.- En el marco de la reuni\u00f3n plenaria con colectivos de personas desaparecidas, el gobernador Manolo Jim\u00e9nez Salinas emiti\u00f3 un acuerdo mediante el cual se instruye al presidente de la Comisi\u00f3n Ejecutiva Estatal de Atenci\u00f3n a V\u00edctimas a realizar las gestiones necesarias para la publicaci\u00f3n e implementaci\u00f3n del Programa Integral para Mejorar la Calidad de Vida de las Familias de Personas Desaparecidas en el Estado de Coahuila de Zaragoza, en coordinaci\u00f3n con las instancias. competentes.<\/p>\n\n\n\n<p>Con este acuerdo, se reitera el compromiso del Gobierno del Estado de atender las necesidades de los familiares de personas desaparecidas, as\u00ed como de trabajar en completa coordinaci\u00f3n, privilegiando el di\u00e1logo respetuoso, para seguir construyendo pol\u00edticas p\u00fablicas en beneficio de los intereses de las familias de los diversos colectivos.<\/p>\n\n\n\n<p>\u00abEl d\u00eda de hoy, en Palacio de Gobierno, nos reunimos con los colectivos de las familias de personas desaparecidas en Coahuila para dar seguimiento a los avances del programa en Materia de Desaparici\u00f3n de Personas 2024-2029 que con acciones precisas estamos fortaleciendo este proceso. Seguimos reiterando nuestro compromiso y solidaridad ante esta situaci\u00f3n. En equipo continuaremos dando la confianza y apoyo a las familias. \u00a1No est\u00e1n solos!\u00bb, destac\u00f3 el gobernador.<\/p>\n\n\n\n<p>El Programa Integral para Mejorar la Calidad de Vida de las Familias de Personas Desaparecidas es un instrumento de respaldo institucional a las familias; Ordena y sistematiza las acciones que se realizar\u00e1n de manera permanente, y se integrar\u00e1 un sistema de asistencia social para ellas.<\/p>\n\n\n\n<p>En la conformaci\u00f3n de dicho programa particip\u00f3 el Grupo Aut\u00f3nomo de Trabajo, las diversas dependencias de la administraci\u00f3n estatal, focalizados en formular propuestas muy claras de lo que se puede hacer para contribuir a mejorar la calidad de vida de las familias de personas desaparecidas.<\/p>\n\n\n\n<p>Manolo Jim\u00e9nez reiter\u00f3 su compromiso de darle seguimiento a los diversos temas que se trataron en esta mesa de trabajo, para que, de esa manera se siga avanzando en los objetivos y metas planteados en cada uno de ellos; y que este trabajo conjunto entre los diferentes colectivos y las instituciones que participan en este trabajo sensible, siga siendo ejemplo.<\/p>\n\n\n\n<p>Representantes de los diversos colectivos coincidieron en la importancia de atender el tema de la salud mental, por lo que, dentro del programa de calidad de vida, acordaron tener una reuni\u00f3n espec\u00edfica para plantear sus necesidades y conocer a profundidad los programas y acciones que el Gobierno del Estado implementa en el rubro.<\/p>\n\n\n\n<p>En esta sesi\u00f3n estuvieron presentes representantes de los colectivos Alas de Esperanza; B\u00fascame, Buscando Desaparecidos M\u00e9xico; Caravana Internacional de B\u00fasqueda de Desaparecidos AC; Familias Unidas en la B\u00fasqueda y Localizaci\u00f3n de Personas Desaparecidas; Fuerzas Unidas por Nuestros Desaparecidos en Coahuila y en M\u00e9xico; Rastreador@s Nacionales de Personas Desaparecidas (RANADES); Voz que Clama Justicia por Personas Desaparecidas; V\u00edctimas por sus Derechos en Acci\u00f3n (Grupo VI.DA); adem\u00e1s del Centro para los Derechos Humanos Fray Juan de Larios.<\/p>\n\n\n\n<p>Adem\u00e1s de Luz Elena Morales N\u00fa\u00f1ez, diputada presidenta de la Junta de Gobierno del Congreso estatal; \u00d3scar Pimentel Gonz\u00e1lez, secretario de Gobierno; Federico Fern\u00e1ndez Monta\u00f1ez, fiscal general del Estado.<\/p>\n\n\n\n<p>As\u00ed como titulares de las diferentes dependencias de la administraci\u00f3n estatal.<\/p>\n","protected":false},"excerpt":{"rendered":"<p>Saltillo, Coahuila de Zaragoza; a 15 de febrero de 2025.- En el marco de la reuni\u00f3n plenaria con colectivos de personas desaparecidas, el gobernador Manolo Jim\u00e9nez Salinas emiti\u00f3 un acuerdo mediante el cual se instruye al presidente de la Comisi\u00f3n Ejecutiva Estatal de Atenci\u00f3n a V\u00edctimas a realizar las gestiones necesarias para la publicaci\u00f3n e [&hellip;]<\/p>\n","protected":false},"author":4,"featured_media":14660,"comment_status":"open","ping_status":"open","sticky":false,"template":"","format":"standard","meta":[],"categories":[4],"tags":[],"_links":{"self":[{"href":"https:\/\/alertasaltillo.com\/index.php\/wp-json\/wp\/v2\/posts\/14659"}],"collection":[{"href":"https:\/\/alertasaltillo.com\/index.php\/wp-json\/wp\/v2\/posts"}],"about":[{"href":"https:\/\/alertasaltillo.com\/index.php\/wp-json\/wp\/v2\/types\/post"}],"author":[{"embeddable":true,"href":"https:\/\/alertasaltillo.com\/index.php\/wp-json\/wp\/v2\/users\/4"}],"replies":[{"embeddable":true,"href":"https:\/\/alertasaltillo.com\/index.php\/wp-json\/wp\/v2\/comments?post=14659"}],"version-history":[{"count":1,"href":"https:\/\/alertasaltillo.com\/index.php\/wp-json\/wp\/v2\/posts\/14659\/revisions"}],"predecessor-version":[{"id":14661,"href":"https:\/\/alertasaltillo.com\/index.php\/wp-json\/wp\/v2\/posts\/14659\/revisions\/14661"}],"wp:featuredmedia":[{"embeddable":true,"href":"https:\/\/alertasaltillo.com\/index.php\/wp-json\/wp\/v2\/media\/14660"}],"wp:attachment":[{"href":"https:\/\/alertasaltillo.com\/index.php\/wp-json\/wp\/v2\/media?parent=14659"}],"wp:term":[{"taxonomy":"category","embeddable":true,"href":"https:\/\/alertasaltillo.com\/index.php\/wp-json\/wp\/v2\/categories?post=14659"},{"taxonomy":"post_tag","embeddable":true,"href":"https:\/\/alertasaltillo.com\/index.php\/wp-json\/wp\/v2\/tags?post=14659"}],"curies":[{"name":"wp","href":"https:\/\/api.w.org\/{rel}","templated":true}]}}