{"id":14581,"date":"2025-02-13T21:52:06","date_gmt":"2025-02-13T21:52:06","guid":{"rendered":"https:\/\/alertasaltillo.com\/?p=14581"},"modified":"2025-02-13T21:52:09","modified_gmt":"2025-02-13T21:52:09","slug":"fortalecemos-nuestra-coordinacion-en-la-region-norte-manolo","status":"publish","type":"post","link":"https:\/\/alertasaltillo.com\/index.php\/2025\/02\/13\/fortalecemos-nuestra-coordinacion-en-la-region-norte-manolo\/","title":{"rendered":"FORTALECEMOS NUESTRA COORDINACI\u00d3N EN LA REGI\u00d3N NORTE: MANOLO"},"content":{"rendered":"\n<p><\/p>\n\n\n\n<p><strong><em>Gobernador de Estado encabeza la instalaci\u00f3n del Consejo de Seguridad y Desarrollo de la Regi\u00f3n Norte 1<\/em><\/strong><\/p>\n\n\n\n<p><strong><em>Adem\u00e1s, en el municipio de Acu\u00f1a, junto al alcalde Emilio de Hoyos entrega la primera etapa de la rehabilitaci\u00f3n del bulevar Emilio Mendoza Cisneros.<\/em><\/strong><\/p>\n\n\n\n<p>Nava, Coahuila de Zaragoza; a 12 de febrero de 2025.- El gobernador Manolo Jim\u00e9nez Salinas encabez\u00f3 la reuni\u00f3n en la que se instal\u00f3 el Consejo de Seguridad y Desarrollo Regional (Consede) Norte 1, desde la que el Mandatario estatal mand\u00f3 un mensaje a toda esta zona de Coahuila de que existe coordinaci\u00f3n entre los diferentes sectores de la sociedad, los tres \u00f3rdenes de gobierno, as\u00ed como las fuerzas de seguridad que act\u00faan en la entidad.<\/p>\n\n\n\n<p>\u201cSi trabajamos en unidad, en coordinaci\u00f3n, no hay adversidad que se nos pueda presentar en el camino que no podamos vencer\u201d, manifest\u00f3.<\/p>\n\n\n\n<p>Agreg\u00f3 que el objetivo principal de estos consejos es estar todas y todos en sinton\u00eda para atender los temas de seguridad, de obras, de desarrollo, entre muchos otros de inter\u00e9s, y que sea un espacio propositivo que funcione para darle seguimiento a las cosas.<\/p>\n\n\n\n<p>Inform\u00f3 a los presentes sobre las acciones obras y programas que se han estado llevando a cabo en esta regi\u00f3n del estado en diversos rubros.<\/p>\n\n\n\n<p>Destac\u00f3 que en obras de infraestructura y obras sociales se han invertido en esta regi\u00f3n alrededor de 500 millones de pesos, adem\u00e1s de comunicar las obras estrat\u00e9gicas contempladas para 2025.<\/p>\n\n\n\n<p>En obras h\u00eddricas, se inform\u00f3 que se tienen grandes proyectos para esta zona de la entidad para 2025 por el orden de los 230 millones de pesos.<\/p>\n\n\n\n<p>Adem\u00e1s, Manolo Jim\u00e9nez se\u00f1al\u00f3 que existe un compromiso presidencial que estar\u00e1 apoyando el estado, de rehabilitar la carretera 57, y que ya se han estado llevando a cabo acciones en ese sentido.<\/p>\n\n\n\n<p>Se\u00f1al\u00f3 que existen dos proyectos muy importantes que su administraci\u00f3n est\u00e1 impulsando: la ampliaci\u00f3n de la ruta fiscal, y la ampliaci\u00f3n del Puente Internacional II, en coordinaci\u00f3n con el Gobierno de Texas.<\/p>\n\n\n\n<p>\u201cConcretando todos los temas que les he dicho, ahora si la carretera 57 en su totalidad se convertir\u00e1 en la v\u00eda m\u00e1s atractiva entre el comercio de M\u00e9xico y Estados Unidos; porque adem\u00e1s de que va a tener infraestructura, ser\u00e1 la v\u00eda m\u00e1s segura para comercializar entre estos dos pa\u00edses\u201d, coment\u00f3.<\/p>\n\n\n\n<p>En el tema de seguridad, destac\u00f3 que se tiene una gran coordinaci\u00f3n y comunicaci\u00f3n con las&nbsp; 38 alcaldesas y alcaldes para continuar blindando al estado.<\/p>\n\n\n\n<p>Coment\u00f3 que se est\u00e1 reforzando el acuerdo presidencial de reforzar la seguridad en las fronteras con m\u00e1s de mil efectivos de la Guardia Nacional, en la que el Estado participa con 300 elementos en operativos y recorridos en toda la franja fronteriza de nuestra entidad; adem\u00e1s de destacar la coordinaci\u00f3n que existe con el gobierno federal en el tema de migraci\u00f3n.<\/p>\n\n\n\n<p>En ese sentido, agradeci\u00f3 el apoyo de las fuerzas armadas en las tareas de seguridad en nuestro estado.<\/p>\n\n\n\n<p>Asimismo, se brind\u00f3 un inform\u00f3 del estatus de orden y seguridad en esta zona de la entidad.<\/p>\n\n\n\n<p>En esta primera reuni\u00f3n del Consede Norte 1 tambi\u00e9n participaron Blas Flores Gonz\u00e1lez, jefe de Gabinete y Proyectos Estrat\u00e9gicos; Federico Fern\u00e1ndez Monta\u00f1ez, fiscal general del Estado; General Brigadier del Estado Mayor Jos\u00e9 de Jes\u00fas de Lara Ceballos, en representaci\u00f3n del General de Brigada del Estado Mayor Alberto Ibarra Flores, comandante de la 11 Regi\u00f3n Militar; Luz Elena Morales N\u00fa\u00f1ez, presidenta de la Junta de Gobierno del Congreso local; Hugo Guti\u00e9rrez Rodr\u00edguez, secretario de Seguridad P\u00fablica; Enrique Mart\u00ednez y Morales, secretario de Inclusi\u00f3n y Desarrollo Social; Gabriel Elizondo P\u00e9rez, coordinador general de Mejora Coahuila; Luis Eduardo Olivares Mart\u00ednez, secretario de Econom\u00eda; Sonia Villarreal P\u00e9rez, subsecretaria de Gobierno; Mar\u00eda B\u00e1rbara Cepeda Boehringer, secretaria de Vinculaci\u00f3n Ciudadana, Proyectos de Innovaci\u00f3n Social e Inversi\u00f3n P\u00fablico Privada; Lauro Villarreal Navarro, director general de CEAS.<\/p>\n\n\n\n<p>As\u00ed como alcaldes de la regi\u00f3n, miembros de la sociedad civil organizada, representantes de c\u00e1maras empresariales e industriales.<\/p>\n","protected":false},"excerpt":{"rendered":"<p>Gobernador de Estado encabeza la instalaci\u00f3n del Consejo de Seguridad y Desarrollo de la Regi\u00f3n Norte 1 Adem\u00e1s, en el municipio de Acu\u00f1a, junto al alcalde Emilio de Hoyos entrega la primera etapa de la rehabilitaci\u00f3n del bulevar Emilio Mendoza Cisneros. Nava, Coahuila de Zaragoza; a 12 de febrero de 2025.- El gobernador Manolo Jim\u00e9nez [&hellip;]<\/p>\n","protected":false},"author":4,"featured_media":14582,"comment_status":"open","ping_status":"open","sticky":false,"template":"","format":"standard","meta":[],"categories":[4],"tags":[],"_links":{"self":[{"href":"https:\/\/alertasaltillo.com\/index.php\/wp-json\/wp\/v2\/posts\/14581"}],"collection":[{"href":"https:\/\/alertasaltillo.com\/index.php\/wp-json\/wp\/v2\/posts"}],"about":[{"href":"https:\/\/alertasaltillo.com\/index.php\/wp-json\/wp\/v2\/types\/post"}],"author":[{"embeddable":true,"href":"https:\/\/alertasaltillo.com\/index.php\/wp-json\/wp\/v2\/users\/4"}],"replies":[{"embeddable":true,"href":"https:\/\/alertasaltillo.com\/index.php\/wp-json\/wp\/v2\/comments?post=14581"}],"version-history":[{"count":1,"href":"https:\/\/alertasaltillo.com\/index.php\/wp-json\/wp\/v2\/posts\/14581\/revisions"}],"predecessor-version":[{"id":14583,"href":"https:\/\/alertasaltillo.com\/index.php\/wp-json\/wp\/v2\/posts\/14581\/revisions\/14583"}],"wp:featuredmedia":[{"embeddable":true,"href":"https:\/\/alertasaltillo.com\/index.php\/wp-json\/wp\/v2\/media\/14582"}],"wp:attachment":[{"href":"https:\/\/alertasaltillo.com\/index.php\/wp-json\/wp\/v2\/media?parent=14581"}],"wp:term":[{"taxonomy":"category","embeddable":true,"href":"https:\/\/alertasaltillo.com\/index.php\/wp-json\/wp\/v2\/categories?post=14581"},{"taxonomy":"post_tag","embeddable":true,"href":"https:\/\/alertasaltillo.com\/index.php\/wp-json\/wp\/v2\/tags?post=14581"}],"curies":[{"name":"wp","href":"https:\/\/api.w.org\/{rel}","templated":true}]}}