{"id":14515,"date":"2025-02-11T16:21:29","date_gmt":"2025-02-11T16:21:29","guid":{"rendered":"https:\/\/alertasaltillo.com\/?p=14515"},"modified":"2025-02-11T16:21:32","modified_gmt":"2025-02-11T16:21:32","slug":"inicia-semana-de-la-mujer-y-la-nina-en-la-ciencia","status":"publish","type":"post","link":"https:\/\/alertasaltillo.com\/index.php\/2025\/02\/11\/inicia-semana-de-la-mujer-y-la-nina-en-la-ciencia\/","title":{"rendered":"INICIA SEMANA DE LA MUJER Y LA NI\u00d1A EN LA CIENCIA"},"content":{"rendered":"\n<p><\/p>\n\n\n\n<p><strong>INICIA SEMANA DE LA MUJER Y LA NI\u00d1A EN LA CIENCIA<\/strong><\/p>\n\n\n\n<p>Saltillo, Coahuila de Zaragoza; a 10 de febrero 2025.- Con el objetivo de fomentar el inter\u00e9s y la participaci\u00f3n de ni\u00f1as y j\u00f3venes en la ciencia y la tecnolog\u00eda a trav\u00e9s de diversas experiencias interactivas, el Nodo Sureste de la Red de Mujeres en la Ciencia y la Innovaci\u00f3n Social inici\u00f3 las actividades para conmemorar el D\u00eda Internacional de las Mujeres y las Ni\u00f1as en la Ciencia e Ingenier\u00edas.<\/p>\n\n\n\n<p>En el auditorio del Centro de Cultura Cient\u00edfica del COECYT se dieron cita m\u00e1s de 200 ni\u00f1as de quinto y sexto de primaria de las instituciones Colegio Harmony, USAER 199 Primaria Alfonso Cepeda Salas, Esc. Primaria Francisco Gonz\u00e1lez Bocanegra y Esc. Primaria Federal Presidente Benito Ju\u00e1rez Garc\u00eda.<\/p>\n\n\n\n<p>Para realizar la inauguraci\u00f3n se cont\u00f3 con la presencia de las integrantes del Nodo Sureste de la Red de Mujeres en la Ciencia y la Innovaci\u00f3n Social, Maricela Mancillas Sol\u00eds, Marcela Kineret Rivera Santib\u00e1\u00f1ez, Karina Yadith Garc\u00eda Robledo, Vanessa Mart\u00ednez Sosa, Rebeca Casique Vald\u00e9s, Diana Gabriela Ponce Ibarra y Mar\u00eda Marisela Cifuentes Soto.<\/p>\n\n\n\n<p>Las participantes disfrutaron de la charla \u201cMujeres en la ciencia y la ingenier\u00eda\u201d a cargo de Rebeca Casique Vald\u00e9s, d\u00f3nde aprendieron de la importancia de la participaci\u00f3n de las mujeres en \u00e1reas STEM.<\/p>\n\n\n\n<p>Durante toda la ma\u00f1ana, las ni\u00f1as experimentaron a trav\u00e9s de talleres de programaci\u00f3n, qu\u00edmica, creatividad, ingenier\u00eda, medio ambiente, astronom\u00eda, as\u00ed como recorridos guiados por el laboratorio de sustentabilidad.<\/p>\n\n\n\n<p>Del 10 al 14 de febrero, se realizar\u00e1n actividades para diversos p\u00fablicos en el marco del D\u00eda Internacional de las Mujeres y las Ni\u00f1as en la Ciencia que se celebra el 11 de febrero.<\/p>\n","protected":false},"excerpt":{"rendered":"<p>INICIA SEMANA DE LA MUJER Y LA NI\u00d1A EN LA CIENCIA Saltillo, Coahuila de Zaragoza; a 10 de febrero 2025.- Con el objetivo de fomentar el inter\u00e9s y la participaci\u00f3n de ni\u00f1as y j\u00f3venes en la ciencia y la tecnolog\u00eda a trav\u00e9s de diversas experiencias interactivas, el Nodo Sureste de la Red de Mujeres en [&hellip;]<\/p>\n","protected":false},"author":4,"featured_media":14516,"comment_status":"open","ping_status":"open","sticky":false,"template":"","format":"standard","meta":[],"categories":[206],"tags":[],"_links":{"self":[{"href":"https:\/\/alertasaltillo.com\/index.php\/wp-json\/wp\/v2\/posts\/14515"}],"collection":[{"href":"https:\/\/alertasaltillo.com\/index.php\/wp-json\/wp\/v2\/posts"}],"about":[{"href":"https:\/\/alertasaltillo.com\/index.php\/wp-json\/wp\/v2\/types\/post"}],"author":[{"embeddable":true,"href":"https:\/\/alertasaltillo.com\/index.php\/wp-json\/wp\/v2\/users\/4"}],"replies":[{"embeddable":true,"href":"https:\/\/alertasaltillo.com\/index.php\/wp-json\/wp\/v2\/comments?post=14515"}],"version-history":[{"count":1,"href":"https:\/\/alertasaltillo.com\/index.php\/wp-json\/wp\/v2\/posts\/14515\/revisions"}],"predecessor-version":[{"id":14517,"href":"https:\/\/alertasaltillo.com\/index.php\/wp-json\/wp\/v2\/posts\/14515\/revisions\/14517"}],"wp:featuredmedia":[{"embeddable":true,"href":"https:\/\/alertasaltillo.com\/index.php\/wp-json\/wp\/v2\/media\/14516"}],"wp:attachment":[{"href":"https:\/\/alertasaltillo.com\/index.php\/wp-json\/wp\/v2\/media?parent=14515"}],"wp:term":[{"taxonomy":"category","embeddable":true,"href":"https:\/\/alertasaltillo.com\/index.php\/wp-json\/wp\/v2\/categories?post=14515"},{"taxonomy":"post_tag","embeddable":true,"href":"https:\/\/alertasaltillo.com\/index.php\/wp-json\/wp\/v2\/tags?post=14515"}],"curies":[{"name":"wp","href":"https:\/\/api.w.org\/{rel}","templated":true}]}}