{"id":14435,"date":"2025-02-07T15:04:10","date_gmt":"2025-02-07T15:04:10","guid":{"rendered":"https:\/\/alertasaltillo.com\/?p=14435"},"modified":"2025-02-07T15:07:21","modified_gmt":"2025-02-07T15:07:21","slug":"en-coahuila-somos-implacables","status":"publish","type":"post","link":"https:\/\/alertasaltillo.com\/index.php\/2025\/02\/07\/en-coahuila-somos-implacables\/","title":{"rendered":"EN COAHUILA SOMOS IMPLACABLES"},"content":{"rendered":"\n<p><\/p>\n\n\n\n<p>&nbsp;<strong><em>Encabeza gobernador reuni\u00f3n del grupo de Coordinaci\u00f3n Operativa Torre\u00f3n<\/em><\/strong><\/p>\n\n\n\n<p>Torre\u00f3n, Coahuila de Zaragoza; a 06 de febrero de 2025.- \u201cQueremos mandarle un mensaje muy claro a nuestra gente de Torre\u00f3n, de La Laguna y de Coahuila, que estamos trabajando todos los d\u00edas de manera coordinada para mantener a nuestro estado como uno de los m\u00e1s seguros a nivel nacional, para mantener las regiones de Coahuila como de las mejores regiones para vivir\u201d, mencion\u00f3 el gobernador Manolo Jim\u00e9nez Salinas al presidir la reuni\u00f3n del Grupo de Coordinaci\u00f3n Operativa Torre\u00f3n, junto al General Alberto Ibarra Flores, Comandante de la XI Regi\u00f3n Militar.<\/p>\n\n\n\n<p>Manolo Jim\u00e9nez destac\u00f3 que todas las instituciones federales, estatales y municipales en el Estado tienen la voluntad de entrarle con todo al tema de seguridad y a los temas de inter\u00e9s que, a final de cuentas, impactan positivamente en la calidad de vida de las y los coahuilenses.<\/p>\n\n\n\n<p>\u201cAqu\u00ed somos implacables; aqu\u00ed, ante cualquier intento de afectar a nuestra comunidad, hay una respuesta contundente. Somos m\u00e1s de diez mil elementos de seguridad en Coahuila, entre todas las corporaciones, los que estamos trabajando todos los d\u00edas para mantener seguras a nuestras familias\u201d, indic\u00f3.<\/p>\n\n\n\n<p>Inform\u00f3 que en esta mesa de trabajo se les da seguimiento a temas relevantes de la regi\u00f3n Laguna y se ponen sobre la mesa las acciones relevantes que, de manera coordinada, se llevan a cabo de parte de las instituciones.<\/p>\n\n\n\n<p>Algunos de ellos fueron los operativos permanentes para que el personal de seguridad personal est\u00e9n debidamente identificados y con sus papeles en regla; operativos de verificaci\u00f3n de cierre en bares; vigilancia en carreteras y brechas por el tema de huachicol, entre otros.<\/p>\n\n\n\n<p>\u201cTodas estas acciones y operativos se llevan a cabo porque, al final de cuentas, queremos un municipio, una regi\u00f3n y un estado en orden y en paz\u201d, coment\u00f3.<\/p>\n\n\n\n<p>Jim\u00e9nez Salinas abund\u00f3 que se tienen otros operativos importantes de inteligencia y de prevenci\u00f3n, y destac\u00f3 que ya hay detenidos ante los acontecimientos del homicidio que sucedi\u00f3 en el Mercado Alianza hace algunos d\u00edas; y que hay un operativo muy fuerte para ubicar a quienes agredieron a integrantes de la Fiscal\u00eda en este mismo municipio.<\/p>\n\n\n\n<p>\u201cSi bien hacemos todo lo que est\u00e1 en nuestras manos con estas reuniones de coordinaci\u00f3n, reuniones estatales, traemos una comunicaci\u00f3n constante y estamos con mucha fuerza permanentemente previniendo que haya delitos en nuestro estado; y cuando los hay, que exista una reacci\u00f3n fulminante y determinante por parte de las instituciones\u201d, se\u00f1al\u00f3.<\/p>\n\n\n\n<p>Destac\u00f3 que en estas reuniones y en los operativos que se llevan a cabo participa el Ej\u00e9rcito Mexicano, la Guardia Nacional, las Fuerzas Armadas, las polic\u00edas municipales, las fiscal\u00edas, el poder judicial, y el gobierno del estado, pues, dijo, trabajando en coordinaci\u00f3n es como se sigue blindando nuestro estado.<\/p>\n\n\n\n<p>De la misma manera, mencion\u00f3 que, junto con todas las instituciones, se trabaja en fortalecer los acuerdos que se hicieron entre M\u00e9xico y Estados Unidos para fortalecer la seguridad y el tema migratorio en nuestra entidad y en nuestro pa\u00eds.&nbsp;<\/p>\n\n\n\n<p>\u201cCoahuila desde hace tiempo, tiene buenos indicadores; tenemos lo una mesa permanente de trabajo para el tema migratorio, donde est\u00e1n todas las instituciones y que coordina el Secretario de Gobierno; tenemos nuestras mesas de seguridad a nivel estatal y, por supuesto en los municipios y en las regiones, tenemos ya los operativos con los albergues para el tema de los repatriados\u201d, extern\u00f3 el gobernador Manolo Jim\u00e9nez.<\/p>\n\n\n\n<p>Durante la reuni\u00f3n tambi\u00e9n participaron el Fiscal General del Estado, Federico Fern\u00e1ndez Monta\u00f1ez; el Magistrado Presidente del Poder Judicial, Felipe Mery Ayup; el alcalde de Torre\u00f3n, Rom\u00e1n Alberto Cepeda Gonz\u00e1lez; el general Jes\u00fas Alejandro Adame, Comandante de la 6ta Zona Militar y el General Jos\u00e9 Luis Sedano, Coordinador General de la Guardia Nacional en Coahuila.<\/p>\n","protected":false},"excerpt":{"rendered":"<p>&nbsp;Encabeza gobernador reuni\u00f3n del grupo de Coordinaci\u00f3n Operativa Torre\u00f3n Torre\u00f3n, Coahuila de Zaragoza; a 06 de febrero de 2025.- \u201cQueremos mandarle un mensaje muy claro a nuestra gente de Torre\u00f3n, de La Laguna y de Coahuila, que estamos trabajando todos los d\u00edas de manera coordinada para mantener a nuestro estado como uno de los m\u00e1s [&hellip;]<\/p>\n","protected":false},"author":4,"featured_media":14436,"comment_status":"open","ping_status":"open","sticky":false,"template":"","format":"standard","meta":[],"categories":[4],"tags":[],"_links":{"self":[{"href":"https:\/\/alertasaltillo.com\/index.php\/wp-json\/wp\/v2\/posts\/14435"}],"collection":[{"href":"https:\/\/alertasaltillo.com\/index.php\/wp-json\/wp\/v2\/posts"}],"about":[{"href":"https:\/\/alertasaltillo.com\/index.php\/wp-json\/wp\/v2\/types\/post"}],"author":[{"embeddable":true,"href":"https:\/\/alertasaltillo.com\/index.php\/wp-json\/wp\/v2\/users\/4"}],"replies":[{"embeddable":true,"href":"https:\/\/alertasaltillo.com\/index.php\/wp-json\/wp\/v2\/comments?post=14435"}],"version-history":[{"count":1,"href":"https:\/\/alertasaltillo.com\/index.php\/wp-json\/wp\/v2\/posts\/14435\/revisions"}],"predecessor-version":[{"id":14437,"href":"https:\/\/alertasaltillo.com\/index.php\/wp-json\/wp\/v2\/posts\/14435\/revisions\/14437"}],"wp:featuredmedia":[{"embeddable":true,"href":"https:\/\/alertasaltillo.com\/index.php\/wp-json\/wp\/v2\/media\/14436"}],"wp:attachment":[{"href":"https:\/\/alertasaltillo.com\/index.php\/wp-json\/wp\/v2\/media?parent=14435"}],"wp:term":[{"taxonomy":"category","embeddable":true,"href":"https:\/\/alertasaltillo.com\/index.php\/wp-json\/wp\/v2\/categories?post=14435"},{"taxonomy":"post_tag","embeddable":true,"href":"https:\/\/alertasaltillo.com\/index.php\/wp-json\/wp\/v2\/tags?post=14435"}],"curies":[{"name":"wp","href":"https:\/\/api.w.org\/{rel}","templated":true}]}}