{"id":14419,"date":"2025-02-06T17:44:18","date_gmt":"2025-02-06T17:44:18","guid":{"rendered":"https:\/\/alertasaltillo.com\/?p=14419"},"modified":"2025-02-06T17:44:20","modified_gmt":"2025-02-06T17:44:20","slug":"rinde-coahuila-homenaje-postumo-a-claudio-bres-garza","status":"publish","type":"post","link":"https:\/\/alertasaltillo.com\/index.php\/2025\/02\/06\/rinde-coahuila-homenaje-postumo-a-claudio-bres-garza\/","title":{"rendered":"RINDE COAHUILA HOMENAJE P\u00d3STUMO A CLAUDIO BRES GARZA"},"content":{"rendered":"\n<p>Saltillo, Coahuila de Zaragoza; a 05 de febrero de 2025.- El Gobierno del Estado de Coahuila realiz\u00f3 un homenaje p\u00f3stumo en memoria de Claudio Mario Bres Garza, ex Comisionado para las Relaciones Bilaterales Coahuila-Texas; y exsecretario de Econom\u00eda del Estado, quien destac\u00f3 como impulsor en el desarrollo econ\u00f3mico de la entidad.<\/p>\n\n\n\n<p>El acto fue encabezado por el gobernador Manolo Jim\u00e9nez Salinas en el Patio Central del Palacio de Gobierno ante la presencia de autoridades estatales, diputados locales, alcaldes, empresarios, familiares, amigos y colaboradores que rindieron un \u00faltimo tributo.<\/p>\n\n\n\n<p>\u00abHoy hicimos un homenaje post mortem en Palacio de Gobierno a nuestro gran amigo y compa\u00f1ero Claudio Bres. Empresario y pol\u00edtico nigropetense. Un gran Coahuilense. Junto con su familia, sus colaboradores, amigos y nuestro equipo del Gobierno del Estado lo despedimos con cari\u00f1o, dej\u00f3 una gran huella. Descanse en paz\u00bb, se\u00f1al\u00f3 el gobernador.<\/p>\n\n\n\n<p>Record\u00f3 que el objetivo principal de la \u00faltima encomienda de Bres Garza era potencializar al m\u00e1ximo la frontera de Piedras Negras, \u00abY para ello se requer\u00eda un trabajo veinticuatro-siete; porque estaba el reto de hacer la ampliaci\u00f3n del Puente 2. Est\u00e1 el reto, lo vamos a seguir haciendo, pero estaba ah\u00ed \u00e9l, picando piedra a su estilo, con mucha fortaleza, con mucha intensidad\u00bb, destac\u00f3.<\/p>\n\n\n\n<p>Claudio Mario Bres Garza fue un servidor p\u00fablico ejemplar, reconocido por su incansable labor en la promoci\u00f3n del desarrollo econ\u00f3mico, la atracci\u00f3n de inversiones y el fortalecimiento de la econom\u00eda coahuilense. Su liderazgo y visi\u00f3n contribuyeron significativamente al crecimiento del estado y dejaron una huella indeleble en el \u00e1mbito empresarial y gubernamental.<\/p>\n\n\n\n<p>Durante el homenaje, el mandatario estatal, Manolo Jim\u00e9nez Salinas, record\u00f3 y destaco la amplia trayectoria de Claudio Mario Bres Garza; ya que, fue una persona visionaria y de empuje, cari\u00f1oso hombre de familia, exitoso empresario, apasionado servidor p\u00fablico y fiel amigo, por lo que su partida deja un gran vac\u00edo en la vida de muchas personas.<\/p>\n\n\n\n<p>\u00abSu partida deja un gran vac\u00edo, pero su legado seguir\u00e1 presente como ejemplo de trabajo, dedicaci\u00f3n y amor por Coahuila. Claudio Mario Bres Garza ser\u00e1 siempre recordado con gratitud y respeto\u00bb, puntualiz\u00f3.<\/p>\n\n\n\n<p>En el homenaje p\u00f3stumo el gobernador Manolo Jim\u00e9nez Salinas, efectu\u00f3 la entrega del Estandarte de Coahuila a la se\u00f1ora Irene de la Luz Chapa Garc\u00eda por el servicio y la entrega de Claudio Bres Garza, y as\u00ed recordar su legado.<\/p>\n\n\n\n<p>Claudio Mario Bres Garza naci\u00f3 en Piedras Negras, Coahuila, el 24 de abril de 1957. Fue hijo de don Claudio Bres Medina y do\u00f1a Diana Garza Mart\u00ednez, tuvo dos hermanos: Eduardo Rogelio y Diana Graciela. Form\u00f3 una hermosa familia junto a Pinita Chapa, con quien engendr\u00f3 a sus hijos Alejandra, Nicole, Claudio y Ra\u00fal Emilio, y con quien disfrut\u00f3 la alegr\u00eda de ver crecer a sus siete nietos.<\/p>\n\n\n\n<p>Reafirm\u00f3 que, Claudio Mario Bres Garza: \u201cfue un gran coahuilense y pues tiene amigos por todos lados. Entonces, valoramos mucho la presencia de todos y todos ustedes para honrar la memoria de un gran hombre, un gran colaborador, un gran ciudadano, como dijo el video, como dice el eslogan de Coahuila, un hombre sumamente echado para adelante, con una gran trayectoria en el lado empresarial\u201d.<\/p>\n\n\n\n<p>Durante el homenaje p\u00f3stumo se acent\u00fao su legado y contribuciones:<\/p>\n\n\n\n<p>\u2022 Impuls\u00f3 la llegada de inversiones clave para el sector industrial y comercial.<\/p>\n\n\n\n<p>\u2022 Promoci\u00f3n de programas innovadores de apoyo a peque\u00f1as y medianas empresas.<\/p>\n\n\n\n<p>\u2022 Fortaleci\u00f3 las relaciones comerciales con mercados internacionales, posicionando a Coahuila como un referente en competitividad econ\u00f3mica.<\/p>\n\n\n\n<p>\u2022 En el sector de la comunicaci\u00f3n fue director general de La Rancherita del Aire.<\/p>\n\n\n\n<p>\u2022 Fue alcalde de Piedras Negras, en tres per\u00edodos; diputado federal y ocup\u00f3 importantes cargos en las administraciones estatales, como director de Comunicaci\u00f3n Social; Desarrollo Municipal, secretario de Desarrollo Social y de Econom\u00eda; as\u00ed como de Comisionado para las Relaciones Bilaterales Coahuila-Texas.<\/p>\n\n\n\n<p><\/p>\n","protected":false},"excerpt":{"rendered":"<p>Saltillo, Coahuila de Zaragoza; a 05 de febrero de 2025.- El Gobierno del Estado de Coahuila realiz\u00f3 un homenaje p\u00f3stumo en memoria de Claudio Mario Bres Garza, ex Comisionado para las Relaciones Bilaterales Coahuila-Texas; y exsecretario de Econom\u00eda del Estado, quien destac\u00f3 como impulsor en el desarrollo econ\u00f3mico de la entidad. El acto fue encabezado [&hellip;]<\/p>\n","protected":false},"author":4,"featured_media":14420,"comment_status":"open","ping_status":"open","sticky":false,"template":"","format":"standard","meta":[],"categories":[4],"tags":[],"_links":{"self":[{"href":"https:\/\/alertasaltillo.com\/index.php\/wp-json\/wp\/v2\/posts\/14419"}],"collection":[{"href":"https:\/\/alertasaltillo.com\/index.php\/wp-json\/wp\/v2\/posts"}],"about":[{"href":"https:\/\/alertasaltillo.com\/index.php\/wp-json\/wp\/v2\/types\/post"}],"author":[{"embeddable":true,"href":"https:\/\/alertasaltillo.com\/index.php\/wp-json\/wp\/v2\/users\/4"}],"replies":[{"embeddable":true,"href":"https:\/\/alertasaltillo.com\/index.php\/wp-json\/wp\/v2\/comments?post=14419"}],"version-history":[{"count":1,"href":"https:\/\/alertasaltillo.com\/index.php\/wp-json\/wp\/v2\/posts\/14419\/revisions"}],"predecessor-version":[{"id":14421,"href":"https:\/\/alertasaltillo.com\/index.php\/wp-json\/wp\/v2\/posts\/14419\/revisions\/14421"}],"wp:featuredmedia":[{"embeddable":true,"href":"https:\/\/alertasaltillo.com\/index.php\/wp-json\/wp\/v2\/media\/14420"}],"wp:attachment":[{"href":"https:\/\/alertasaltillo.com\/index.php\/wp-json\/wp\/v2\/media?parent=14419"}],"wp:term":[{"taxonomy":"category","embeddable":true,"href":"https:\/\/alertasaltillo.com\/index.php\/wp-json\/wp\/v2\/categories?post=14419"},{"taxonomy":"post_tag","embeddable":true,"href":"https:\/\/alertasaltillo.com\/index.php\/wp-json\/wp\/v2\/tags?post=14419"}],"curies":[{"name":"wp","href":"https:\/\/api.w.org\/{rel}","templated":true}]}}