{"id":14391,"date":"2025-02-06T17:01:34","date_gmt":"2025-02-06T17:01:34","guid":{"rendered":"https:\/\/alertasaltillo.com\/?p=14391"},"modified":"2025-02-06T17:01:37","modified_gmt":"2025-02-06T17:01:37","slug":"participa-gobierno-del-estado-en-sesion-del-consejo-del-cluster-automotriz","status":"publish","type":"post","link":"https:\/\/alertasaltillo.com\/index.php\/2025\/02\/06\/participa-gobierno-del-estado-en-sesion-del-consejo-del-cluster-automotriz\/","title":{"rendered":"PARTICIPA GOBIERNO DEL ESTADO EN SESI\u00d3N DEL CONSEJO DEL CL\u00daSTER AUTOMOTRIZ"},"content":{"rendered":"\n<p>&nbsp;&nbsp;&nbsp;<strong><em>La secretaria de Vinculaci\u00f3n Ciudadana, Mar\u00eda B\u00e1rbara Cepeda reafirm\u00f3 el compromiso del gobernador Manolo Jim\u00e9nez de trabajar de manera coordinada con la iniciativa privada.<\/em><\/strong><\/p>\n\n\n\n<p>Saltillo, Coahuila, a 05 de febrero de 2025.- Con el objetivo de reafirmar la colaboraci\u00f3n entre la iniciativa privada y el gobierno del estado, la secretar\u00eda de Vinculaci\u00f3n Ciudadana, Proyectos de Innovaci\u00f3n Social e Inversi\u00f3n P\u00fablica Productiva, Mar\u00eda B\u00e1rbara Cepeda Boehringer, realiz\u00f3 a la sesi\u00f3n del Consejo y directores de planta del Cl\u00faster de la Industria Automotriz de Coahuila, donde dio a conocer el trabajo que se hace en esta dependencia para generar proyectos que impactan de manera positiva en la calidad de vida de las familias coahuilenses.<\/p>\n\n\n\n<p>\u201cPara nuestro gobernador Manolo Jim\u00e9nez es un compromiso el trabajar de manera coordinada con la iniciativa privada, y nos ha instruido ser un puente entre los que quieren ayudar y quienes necesitan ayuda, para que los apoyos lleguen a quienes realmente lo requieren\u201d, coment\u00f3.<\/p>\n\n\n\n<p>Cepeda Boehringer present\u00f3 los proyectos que se han concretado con otras empresas que han generado un impacto positivo en las familias de los diferentes municipios del estado y se acordaron varias reuniones con los directivos de algunas industrias presentes, como Daimler Truck y Lear Corporation, para analizar de qu\u00e9 forma poder colaborar.<\/p>\n\n\n\n<p>\u201cSomos una secretar\u00eda que trabaja de manera transversal con las dem\u00e1s dependencias de gobierno a fin de canalizar de la mejor manera los programas y proyectos de las empresas\u201d, a\u00f1adi\u00f3.<\/p>\n\n\n\n<p>Record\u00f3 que dentro de la secretar\u00eda se trabaja en tres ejes de acci\u00f3n, que son la inversi\u00f3n p\u00fablica productiva, la vinculaci\u00f3n ciudadana y los proyectos de responsabilidad social, en apego al plan estatal de desarrollo.<\/p>\n\n\n\n<p>La bienvenida estuvo a cargo de Lourdes Cobos, presidenta del Cl\u00faster Automotriz, y gerente de BorgWarner, quien resalt\u00f3 la importancia de hacer sinergia con el gobierno en beneficio de la ciudadan\u00eda y con quien ya se ha trabajado en varios proyectos.<\/p>\n\n\n\n<p>Tras la presentaci\u00f3n de la Secretaria, los directivos de las diferentes empresas que integran el Cl\u00faster aplaudieron el compromiso de Manolo Jim\u00e9nez y su gobierno por ser el m\u00e1s ciudadano de la historia.<\/p>\n\n\n\n<p><\/p>\n","protected":false},"excerpt":{"rendered":"<p>&nbsp;&nbsp;&nbsp;La secretaria de Vinculaci\u00f3n Ciudadana, Mar\u00eda B\u00e1rbara Cepeda reafirm\u00f3 el compromiso del gobernador Manolo Jim\u00e9nez de trabajar de manera coordinada con la iniciativa privada. Saltillo, Coahuila, a 05 de febrero de 2025.- Con el objetivo de reafirmar la colaboraci\u00f3n entre la iniciativa privada y el gobierno del estado, la secretar\u00eda de Vinculaci\u00f3n Ciudadana, Proyectos de [&hellip;]<\/p>\n","protected":false},"author":4,"featured_media":14392,"comment_status":"open","ping_status":"open","sticky":false,"template":"","format":"standard","meta":[],"categories":[4],"tags":[],"_links":{"self":[{"href":"https:\/\/alertasaltillo.com\/index.php\/wp-json\/wp\/v2\/posts\/14391"}],"collection":[{"href":"https:\/\/alertasaltillo.com\/index.php\/wp-json\/wp\/v2\/posts"}],"about":[{"href":"https:\/\/alertasaltillo.com\/index.php\/wp-json\/wp\/v2\/types\/post"}],"author":[{"embeddable":true,"href":"https:\/\/alertasaltillo.com\/index.php\/wp-json\/wp\/v2\/users\/4"}],"replies":[{"embeddable":true,"href":"https:\/\/alertasaltillo.com\/index.php\/wp-json\/wp\/v2\/comments?post=14391"}],"version-history":[{"count":1,"href":"https:\/\/alertasaltillo.com\/index.php\/wp-json\/wp\/v2\/posts\/14391\/revisions"}],"predecessor-version":[{"id":14393,"href":"https:\/\/alertasaltillo.com\/index.php\/wp-json\/wp\/v2\/posts\/14391\/revisions\/14393"}],"wp:featuredmedia":[{"embeddable":true,"href":"https:\/\/alertasaltillo.com\/index.php\/wp-json\/wp\/v2\/media\/14392"}],"wp:attachment":[{"href":"https:\/\/alertasaltillo.com\/index.php\/wp-json\/wp\/v2\/media?parent=14391"}],"wp:term":[{"taxonomy":"category","embeddable":true,"href":"https:\/\/alertasaltillo.com\/index.php\/wp-json\/wp\/v2\/categories?post=14391"},{"taxonomy":"post_tag","embeddable":true,"href":"https:\/\/alertasaltillo.com\/index.php\/wp-json\/wp\/v2\/tags?post=14391"}],"curies":[{"name":"wp","href":"https:\/\/api.w.org\/{rel}","templated":true}]}}