{"id":13825,"date":"2025-01-14T14:07:35","date_gmt":"2025-01-14T14:07:35","guid":{"rendered":"https:\/\/alertasaltillo.com\/?p=13825"},"modified":"2025-01-14T14:07:37","modified_gmt":"2025-01-14T14:07:37","slug":"seguimos-proyectando-el-nombre-de-coahuila-hacia-mexico-y-el-mundo-manolo","status":"publish","type":"post","link":"https:\/\/alertasaltillo.com\/index.php\/2025\/01\/14\/seguimos-proyectando-el-nombre-de-coahuila-hacia-mexico-y-el-mundo-manolo\/","title":{"rendered":"SEGUIMOS PROYECTANDO EL NOMBRE DE COAHUILA HACIA M\u00c9XICO Y EL MUNDO: MANOLO"},"content":{"rendered":"\n<p>&#8211; Asiste Gobernador del Estado a la inauguraci\u00f3n de la Feria Estatal de Le\u00f3n 2025, en la que Coahuila es el estado invitado.<\/p>\n\n\n\n<p>Le\u00f3n, Guanajuato; a 10 de enero de 2025.- Coahuila sorprender\u00e1 a los miles de asistentes a la Feria Estatal Le\u00f3n 2025 al ser el estado invitado de esta fiesta, a cuya inauguraci\u00f3n asisti\u00f3 el gobernador Manolo Jim\u00e9nez Salinas acompa\u00f1ando a Libia Dennise Garc\u00eda Mu\u00f1oz Ledo, gobernadora de Guanajuato , ya Alejandra Guti\u00e9rrez Campos, alcaldesa de Le\u00f3n.<\/p>\n\n\n\n<p>\u201c\u00a1Coahuila estado invitado en la Feria de Le\u00f3n, Guanajuato! Agradezco a mi amiga la gobernadora Libia Dennise Garc\u00eda, a la alcaldesa Alejandra Guti\u00e9rrez, y a mi amigo David Novoa, presidente del patronato, por invitarnos a participar este a\u00f1o en esta gran celebraci\u00f3n y poder compartir la grandeza de nuestra tierra. \u00a1Seguimos proyectando el nombre de Coahuila hacia M\u00e9xico y el mundo!\u201d, expres\u00f3 el gobernador Manolo Jim\u00e9nez.<\/p>\n\n\n\n<p>En esta Feria Estatal Le\u00f3n 2025, Coahuila participar\u00e1, del 10 de enero al 5 de febrero, con un stand en el que se exhibir\u00e1n nuestras fortalezas tur\u00edsticas, al promocionar la riqueza de nuestros vinos, al contar con las casas vitivin\u00edcolas m\u00e1s premiadas; la paleontolog\u00eda, al ser Coahuila el estado con m\u00e1s riqueza paleontol\u00f3gica del pa\u00eds; as\u00ed como la diversidad tur\u00edstica de sus ocho pueblos m\u00e1gicos.<\/p>\n\n\n\n<p>Manolo Jim\u00e9nez agradeci\u00f3 a la gobernadora ya los organizadores de esta feria por la invitaci\u00f3n, de la cual se dijo orgulloso por dar a conocer a sus visitantes un pedacito de Coahuila.<\/p>\n\n\n\n<p>\u201cGuanajuato y Coahuila somos dos grandes potencias nacionales; Somos estados con un gran desarrollo econ\u00f3mico, con buenos indicadores en materia de educaci\u00f3n, de salud, de calidad de vida. Pero algo que compartimos, y que es fundamental para que le vaya bien a cualquier ciudad, estado o pa\u00eds, es el gran trabajo en equipo entre la ciudadan\u00eda, los organismos de la sociedad civil, los empresarios y el gobierno\u201d, mencion\u00f3.<\/p>\n\n\n\n<p>Agregado que esa sinergia, ese trabajo en equipo entre todas y todos por el bien de sus respectivas tierras, es algo grandioso que es lo que ha permitido que nuestros estados triunfen a nivel nacional.<\/p>\n\n\n\n<p>\u201cPor eso, para Coahuila, es un gran orgullo estar aqu\u00ed con ustedes\u201d, se\u00f1al\u00f3.<\/p>\n\n\n\n<p>Jim\u00e9nez Salinas dio a conocer que a nivel nacional, se ubica m\u00e1s a Coahuila por ser un estado industrial; Coment\u00f3 que en la parte econ\u00f3mica, la entidad es una de las principales productoras de veh\u00edculos del pa\u00eds, de autopartes, de carros de ferrocarril, de leche o de plata refinada.<\/p>\n\n\n\n<p>Record\u00f3 que hace un a\u00f1o que lleg\u00f3 al gobierno, decidi\u00f3 emprender una gran campa\u00f1a para promocionar el nombre de Coahuila hacia M\u00e9xico y el mundo, \u201c\u00a1Sorpr\u00e9ndete con Coahuila!\u201d, campa\u00f1a con la que en 2024 Coahuila particip\u00f3 en la Feria de San Marcos, en el Tianguis de Acapulco; Adem\u00e1s, dijo que junto con Texas se hizo un gran proyecto de Coahuila-Texas, y record\u00f3 que hace 200 a\u00f1os estos dos estados nacieron como uno solo.<\/p>\n\n\n\n<p>Agreg\u00f3 que Coahuila particip\u00f3 el pasado diciembre en Navidad Mexicana en el Vaticano, con una gran proyecci\u00f3n a nivel mundial, \u201cy ahora estamos aqu\u00ed con ustedes, con nuestras hermanas y hermanos de Guanajuato y de Le\u00f3n, para compartir un pedacito de nuestra tierra en esta feria\u201d.<\/p>\n\n\n\n<p>Manolo Jim\u00e9nez asegur\u00f3 que con la participaci\u00f3n de Coahuila en la Feria Estatal de Le\u00f3n 2025, sus visitantes conocer\u00e1n algo de Coahuila, como sus ocho pueblos m\u00e1gicos, sus riquezas y lugares naturales muy diversos, adem\u00e1s de que Coahuila es uno de los tres estados m\u00e1s seguros. de M\u00e9xico, lo que permite que su gente o los visitantes transiten todo Coahuila en paz y tranquilidad.<\/p>\n\n\n\n<p>\u201cLes compartimos tambi\u00e9n lo que es nuestra cultura paleontol\u00f3gica, a trav\u00e9s del Museo del Desierto, que es el museo de historia natural m\u00e1s importante de Latinoam\u00e9rica; as\u00ed como los vinos de Coahuila, en donde tenemos la casa vitivin\u00edcola m\u00e1s antigua de Am\u00e9rica, Casa Madero, as\u00ed como otras muchas otras casas vitivin\u00edcolas que han ganado el 42% de las medallas que han obtenido los vinos mexicanos\u201d, destac\u00f3.<\/p>\n\n\n\n<p>El gobernador de Coahuila se\u00f1al\u00f3 que, junto a la gobernadora Libia Garc\u00eda Mu\u00f1oz Ledo, est\u00e1 haciendo equipo por el bien de sus respectivos estados.<\/p>\n\n\n\n<p>Dese\u00f3 el mayor de los \u00e9xitos a los organizadores de esta feria, e invit\u00f3 a todos los asistentes a que visiten el stand de Coahuila ya que visiten todas las regiones de Coahuila.<\/p>\n\n\n\n<p>La gobernadora de Guanajuato, Libia Dennise Garc\u00eda Mu\u00f1oz Ledo, le dio la bienvenida a Manolo Jim\u00e9nez ya Coahuila, estado invitado a esta Feria Estatal de Le\u00f3n, y destac\u00f3 el trabajo y los buenos resultados en el tema de seguridad que se ha tenido en Coahuila, y que, asegur\u00f3, se tendr\u00e1n de igual manera en Guanajuato.<\/p>\n\n\n\n<p>David Novoa Toscano, presidente del Consejo Directivo del Patronato de la Feria Estatal de Le\u00f3n, agradeci\u00f3 a Manolo Jim\u00e9nez por aceptar la invitaci\u00f3n, al comentar que Coahuila es un gran estado que tiene mucho qu\u00e9 ofrecer, y que es muy similar a Guanajuato ya Le\u00f3n.<\/p>\n\n\n\n<p>En esta ceremonia de inauguraci\u00f3n estuvieron presentes, adem\u00e1s, Blas Jos\u00e9 Flores Gonz\u00e1lez, jefe de Gabinete y Proyectos Estrat\u00e9gicos de Coahuila; Cristina Amezcua Gonz\u00e1lez, secretar\u00eda de Turismo y Desarrollo de Pueblos M\u00e1gicos de Coahuila; Sof\u00eda Delgadillo D\u00edaz, directora de Pro Coahuila.<\/p>\n\n\n\n<p><\/p>\n","protected":false},"excerpt":{"rendered":"<p>&#8211; Asiste Gobernador del Estado a la inauguraci\u00f3n de la Feria Estatal de Le\u00f3n 2025, en la que Coahuila es el estado invitado. Le\u00f3n, Guanajuato; a 10 de enero de 2025.- Coahuila sorprender\u00e1 a los miles de asistentes a la Feria Estatal Le\u00f3n 2025 al ser el estado invitado de esta fiesta, a cuya inauguraci\u00f3n [&hellip;]<\/p>\n","protected":false},"author":4,"featured_media":13826,"comment_status":"open","ping_status":"open","sticky":false,"template":"","format":"standard","meta":[],"categories":[4],"tags":[],"_links":{"self":[{"href":"https:\/\/alertasaltillo.com\/index.php\/wp-json\/wp\/v2\/posts\/13825"}],"collection":[{"href":"https:\/\/alertasaltillo.com\/index.php\/wp-json\/wp\/v2\/posts"}],"about":[{"href":"https:\/\/alertasaltillo.com\/index.php\/wp-json\/wp\/v2\/types\/post"}],"author":[{"embeddable":true,"href":"https:\/\/alertasaltillo.com\/index.php\/wp-json\/wp\/v2\/users\/4"}],"replies":[{"embeddable":true,"href":"https:\/\/alertasaltillo.com\/index.php\/wp-json\/wp\/v2\/comments?post=13825"}],"version-history":[{"count":1,"href":"https:\/\/alertasaltillo.com\/index.php\/wp-json\/wp\/v2\/posts\/13825\/revisions"}],"predecessor-version":[{"id":13827,"href":"https:\/\/alertasaltillo.com\/index.php\/wp-json\/wp\/v2\/posts\/13825\/revisions\/13827"}],"wp:featuredmedia":[{"embeddable":true,"href":"https:\/\/alertasaltillo.com\/index.php\/wp-json\/wp\/v2\/media\/13826"}],"wp:attachment":[{"href":"https:\/\/alertasaltillo.com\/index.php\/wp-json\/wp\/v2\/media?parent=13825"}],"wp:term":[{"taxonomy":"category","embeddable":true,"href":"https:\/\/alertasaltillo.com\/index.php\/wp-json\/wp\/v2\/categories?post=13825"},{"taxonomy":"post_tag","embeddable":true,"href":"https:\/\/alertasaltillo.com\/index.php\/wp-json\/wp\/v2\/tags?post=13825"}],"curies":[{"name":"wp","href":"https:\/\/api.w.org\/{rel}","templated":true}]}}