{"id":13713,"date":"2025-01-06T18:13:09","date_gmt":"2025-01-06T18:13:09","guid":{"rendered":"https:\/\/alertasaltillo.com\/?p=13713"},"modified":"2025-01-06T18:13:30","modified_gmt":"2025-01-06T18:13:30","slug":"invita-coahuila-a-la-tradicional-rosca-de-reyes","status":"publish","type":"post","link":"https:\/\/alertasaltillo.com\/index.php\/2025\/01\/06\/invita-coahuila-a-la-tradicional-rosca-de-reyes\/","title":{"rendered":"INVITA COAHUILA A LA TRADICIONAL ROSCA DE REYES"},"content":{"rendered":"\n<p><\/p>\n\n\n\n<p>\u00b7&nbsp;&nbsp;&nbsp;&nbsp;&nbsp;&nbsp;<strong><em>Este 06 de enero a las 16:30 horas en la Plaza de Armas<\/em><\/strong><\/p>\n\n\n\n<p>\u00b7&nbsp;&nbsp;&nbsp;&nbsp;&nbsp;&nbsp;<strong><em>\u00daltimo evento de la temporada navide\u00f1a de Villamagia<\/em><\/strong><\/p>\n\n\n\n<p>Saltillo, Coahuila de Zaragoza; a 05 de enero de 2025.- El Gobierno del Estado a trav\u00e9s de la Oficina Inspira y el DIF Coahuila invitan a las y los saltillenses a disfrutar de la tradicional Rosca de Reyes este lunes 6 de enero a las 16:30 horas, en la plaza de armas de la capital del estado.&nbsp;<\/p>\n\n\n\n<p>Dentro del espacio de Villamagia y en coordinaci\u00f3n con el Ayuntamiento de Saltillo, con este convivio de la Rosca de Reyes se dan por terminados los festejos por la temporada decembrina.<\/p>\n\n\n\n<p>La rosca es la representaci\u00f3n de una corona que conmemora la llegada de los Reyes Magos el 6 de enero, alrededor de la que las familias se re\u00fanen para convivir y que es una tradici\u00f3n en M\u00e9xico.<\/p>\n\n\n\n<p>En este evento habr\u00e1 sorpresas para los m\u00e1s peque\u00f1os, como la presencia de los tres Reyes Magos con que se podr\u00e1n tomar la fotograf\u00eda.<\/p>\n\n\n\n<p>Villamagia, proyecto impulsado por Paola Rodr\u00edguez, titular de Inspira Coahuila, es un espacio que pudo ser disfrutado por miles de familias coahuilenses en todas las regiones de la entidad, y que fomenta las tradiciones mexicanas a trav\u00e9s de decoraci\u00f3n t\u00edpica de la temporada.<\/p>\n","protected":false},"excerpt":{"rendered":"<p>\u00b7&nbsp;&nbsp;&nbsp;&nbsp;&nbsp;&nbsp;Este 06 de enero a las 16:30 horas en la Plaza de Armas \u00b7&nbsp;&nbsp;&nbsp;&nbsp;&nbsp;&nbsp;\u00daltimo evento de la temporada navide\u00f1a de Villamagia Saltillo, Coahuila de Zaragoza; a 05 de enero de 2025.- El Gobierno del Estado a trav\u00e9s de la Oficina Inspira y el DIF Coahuila invitan a las y los saltillenses a disfrutar de la [&hellip;]<\/p>\n","protected":false},"author":4,"featured_media":13714,"comment_status":"open","ping_status":"open","sticky":false,"template":"","format":"standard","meta":[],"categories":[4],"tags":[],"_links":{"self":[{"href":"https:\/\/alertasaltillo.com\/index.php\/wp-json\/wp\/v2\/posts\/13713"}],"collection":[{"href":"https:\/\/alertasaltillo.com\/index.php\/wp-json\/wp\/v2\/posts"}],"about":[{"href":"https:\/\/alertasaltillo.com\/index.php\/wp-json\/wp\/v2\/types\/post"}],"author":[{"embeddable":true,"href":"https:\/\/alertasaltillo.com\/index.php\/wp-json\/wp\/v2\/users\/4"}],"replies":[{"embeddable":true,"href":"https:\/\/alertasaltillo.com\/index.php\/wp-json\/wp\/v2\/comments?post=13713"}],"version-history":[{"count":1,"href":"https:\/\/alertasaltillo.com\/index.php\/wp-json\/wp\/v2\/posts\/13713\/revisions"}],"predecessor-version":[{"id":13715,"href":"https:\/\/alertasaltillo.com\/index.php\/wp-json\/wp\/v2\/posts\/13713\/revisions\/13715"}],"wp:featuredmedia":[{"embeddable":true,"href":"https:\/\/alertasaltillo.com\/index.php\/wp-json\/wp\/v2\/media\/13714"}],"wp:attachment":[{"href":"https:\/\/alertasaltillo.com\/index.php\/wp-json\/wp\/v2\/media?parent=13713"}],"wp:term":[{"taxonomy":"category","embeddable":true,"href":"https:\/\/alertasaltillo.com\/index.php\/wp-json\/wp\/v2\/categories?post=13713"},{"taxonomy":"post_tag","embeddable":true,"href":"https:\/\/alertasaltillo.com\/index.php\/wp-json\/wp\/v2\/tags?post=13713"}],"curies":[{"name":"wp","href":"https:\/\/api.w.org\/{rel}","templated":true}]}}